{"id":73726,"date":"2017-11-06T10:04:02","date_gmt":"2017-11-06T13:04:02","guid":{"rendered":"http:\/\/www.elsindical.com.ar\/notas\/?p=73726"},"modified":"2017-11-06T10:04:02","modified_gmt":"2017-11-06T13:04:02","slug":"trabajadores-de-refineria-san-lorenzo-en-estado-de-alerta-por-400-empleos","status":"publish","type":"post","link":"https:\/\/www.elsindical.com.ar\/notas\/trabajadores-de-refineria-san-lorenzo-en-estado-de-alerta-por-400-empleos\/","title":{"rendered":"Trabajadores de Refiner\u00eda San Lorenzo en \u201cestado de alerta\u201d por 400 empleos"},"content":{"rendered":"<p><em>\u00a0 <a href=\"http:\/\/www.elsindical.com.ar\/notas\/var\/www\/html\/notas\/wp-content\/uploads\/2017\/11\/refiner\u00eda-San-Lorenzo.jpg\"><img loading=\"lazy\" decoding=\"async\" class=\"alignnone size-medium wp-image-73727\" src=\"http:\/\/www.elsindical.com.ar\/notas\/var\/www\/html\/notas\/wp-content\/uploads\/2017\/11\/refiner\u00eda-San-Lorenzo-300x176.jpg\" alt=\"\" width=\"300\" height=\"176\" srcset=\"https:\/\/www.elsindical.com.ar\/notas\/var\/www\/html\/notas\/wp-content\/uploads\/2017\/11\/refiner\u00eda-San-Lorenzo-300x176.jpg 300w, https:\/\/www.elsindical.com.ar\/notas\/var\/www\/html\/notas\/wp-content\/uploads\/2017\/11\/refiner\u00eda-San-Lorenzo-500x293.jpg 500w, https:\/\/www.elsindical.com.ar\/notas\/var\/www\/html\/notas\/wp-content\/uploads\/2017\/11\/refiner\u00eda-San-Lorenzo.jpg 690w\" sizes=\"auto, (max-width: 300px) 100vw, 300px\" \/><\/a>\u201cOjal\u00e1 que aparezcan las inversiones y se puedan conservar todos los puestos de trabajo\u201d, expresaron esperanzados desde Supeh.<\/em><\/p>\n<p>Los trabajadores de la <strong>Refiner\u00eda San Lorenzo<\/strong> (Oil Combustibles S.A.) se encuentran en \u201cestado de alerta\u201d por los m\u00e1s de 200 empleos directos y otros 200 indirectos que dependen de la compa\u00f1\u00eda.<\/p>\n<p>Es que la firma forma parte del Holding de empresas de Crist\u00f3bal L\u00f3pez (aproximadamente 170 empresas, la mas importante y nave insignia es la refiner\u00eda San Lorenzo), quien est\u00e1 en serios problemas fiscales.<\/p>\n<p>El Grupo Indalo, de L\u00f3pez, entr\u00f3 en concurso preventivo, as\u00ed tambi\u00e9n Oil Combustibles S.A. hace un a\u00f1o y medio. El acreedor mas importante es la Afip, a la que adeuda 6000 millones de pesos originalmente y que con intereses se acerca a 10000 millones. \u201cSi no hay plan de pago sustentable es impagable.<\/p>\n<p>En ese marco de idas y vueltas aparecen ahora unos compradores, un grupo radicado en estados unidos, O. P. Investment, que pertenecer\u00eda a Ignacio Rossner, quien comprar\u00eda los activos de Indalo , el paquete accionario y a partir de ahi comenzar\u00eda la reestructuraci\u00f3n de la empresa, y a desprenderse algunas de ellas\u201d, explic\u00f3 a Conclusi\u00f3n <strong>H\u00e9ctor Brizuela,<\/strong> secretario de Asuntos Legales de Supeh y representante elegido por los trabajadores en la comisi\u00f3n de control del concurso.<\/p>\n<p>\u201cTodo indicar\u00eda que la refinaci\u00f3n, la industria de petroleo y de la construcci\u00f3n, se mantendr\u00edan (reestructuradas) y se desprender\u00eda entre otros del multimedios\u201d que contiene a C5N, Radio 10, entre otros, precis\u00f3 Brizuela.<\/p>\n<p>El representante gremial aclar\u00f3 que \u201cantes de efectuarse el \u2018traspaso accionario\u2019 debe ser aprobado por el juez Ercolini que lo tiene inhibido y el juez del conjunto que se llama H\u00e9ctor. \u201cLo que preocupa a los trabajadores es que<strong> hablan de saneamiento y reestructuracion<\/strong>. Saneamiento tiene que ver con lo impositivo y hacer viable la empresa, la reestructuraci\u00f3n preocupa porque son 200 empleos directos mas otros 200 indirectos y todas esas familias que dependen de eso\u201d, expuso el gremialista. Y agreg\u00f3: \u201cHay preocupaci\u00f3n, los trabajadores estamos en estado de alerta por lo que pueda pasar\u201d.<\/p>\n<p>El 15 de noviembre habr\u00e1 una audiencia con el juez Ercolini donde tiene que ir el representante del concursado, vendedor en este caso, y todos los acreedores de mayor monto, entre ellos la Afip, y all\u00ed se presentar\u00e1 un plan de inversi\u00f3n, que analizar\u00e1 el juez sobre su viabilidad. \u201cOjal\u00e1 que aparezcan las inversiones y se puedan conservar todos los puestos de trabajo\u201d, se esperanz\u00f3 Brizuela.<\/p>\n","protected":false},"excerpt":{"rendered":"<p>\u00a0 \u201cOjal\u00e1 que aparezcan las inversiones y se puedan conservar todos los puestos de trabajo\u201d, expresaron esperanzados desde Supeh. Los trabajadores de la Refiner\u00eda San Lorenzo (Oil Combustibles S.A.) se encuentran en \u201cestado de alerta\u201d por los m\u00e1s de 200 empleos directos y otros 200 indirectos que dependen de la compa\u00f1\u00eda. Es que la firma&hellip;<\/p>\n","protected":false},"author":1,"featured_media":73727,"comment_status":"open","ping_status":"open","sticky":false,"template":"","format":"standard","meta":{"footnotes":""},"categories":[16],"tags":[20411,27621,27620,125],"class_list":["post-73726","post","type-post","status-publish","format-standard","has-post-thumbnail","hentry","category-gremiales","tag-cristobal-lopez","tag-oil-combustibles-s-a","tag-refineria-san-lorenzo","tag-trabajadores"],"_links":{"self":[{"href":"https:\/\/www.elsindical.com.ar\/notas\/wp-json\/wp\/v2\/posts\/73726","targetHints":{"allow":["GET"]}}],"collection":[{"href":"https:\/\/www.elsindical.com.ar\/notas\/wp-json\/wp\/v2\/posts"}],"about":[{"href":"https:\/\/www.elsindical.com.ar\/notas\/wp-json\/wp\/v2\/types\/post"}],"author":[{"embeddable":true,"href":"https:\/\/www.elsindical.com.ar\/notas\/wp-json\/wp\/v2\/users\/1"}],"replies":[{"embeddable":true,"href":"https:\/\/www.elsindical.com.ar\/notas\/wp-json\/wp\/v2\/comments?post=73726"}],"version-history":[{"count":1,"href":"https:\/\/www.elsindical.com.ar\/notas\/wp-json\/wp\/v2\/posts\/73726\/revisions"}],"predecessor-version":[{"id":73728,"href":"https:\/\/www.elsindical.com.ar\/notas\/wp-json\/wp\/v2\/posts\/73726\/revisions\/73728"}],"wp:featuredmedia":[{"embeddable":true,"href":"https:\/\/www.elsindical.com.ar\/notas\/wp-json\/wp\/v2\/media\/73727"}],"wp:attachment":[{"href":"https:\/\/www.elsindical.com.ar\/notas\/wp-json\/wp\/v2\/media?parent=73726"}],"wp:term":[{"taxonomy":"category","embeddable":true,"href":"https:\/\/www.elsindical.com.ar\/notas\/wp-json\/wp\/v2\/categories?post=73726"},{"taxonomy":"post_tag","embeddable":true,"href":"https:\/\/www.elsindical.com.ar\/notas\/wp-json\/wp\/v2\/tags?post=73726"}],"curies":[{"name":"wp","href":"https:\/\/api.w.org\/{rel}","templated":true}]}}