{"id":7355,"date":"2010-06-16T01:08:40","date_gmt":"2010-06-16T04:08:40","guid":{"rendered":"http:\/\/www.elsindical.com.ar\/notas\/?p=7355"},"modified":"2010-06-16T01:08:40","modified_gmt":"2010-06-16T04:08:40","slug":"paralizan-el-puerto-porteno-en-reclamo-de-un-aumento-del-35","status":"publish","type":"post","link":"https:\/\/www.elsindical.com.ar\/notas\/paralizan-el-puerto-porteno-en-reclamo-de-un-aumento-del-35\/","title":{"rendered":"Paralizan el puerto porte\u00f1o en reclamo de un aumento del 35%"},"content":{"rendered":"<p style=\"text-align: justify;\"><em><a href=\"http:\/\/www.elsindical.com.ar\/notas\/var\/www\/html\/notas\/wp-content\/uploads\/2010\/06\/FEMPINRA-marcha.jpg\"><img loading=\"lazy\" decoding=\"async\" class=\"alignleft size-full wp-image-7356\" title=\"FEMPINRA-marcha\" src=\"http:\/\/www.elsindical.com.ar\/notas\/var\/www\/html\/notas\/wp-content\/uploads\/2010\/06\/FEMPINRA-marcha.jpg\" alt=\"\" width=\"236\" height=\"177\" \/><\/a>Trabajadores portuarios comenzaron un cese de actividades en el puerto de Buenos Aires, que se mantendr\u00e1 hasta este mi\u00e9rcoles a las 7, en reclamo de un aumento salarial del 35 por ciento.<\/em><\/p>\n<p style=\"text-align: justify;\">Sin acordar topes, los reclamos salariales se dispararon por encima del 30 por ciento y los conflictos amenazan con alcanzar cada vez a m\u00e1s gremios y sectores.<\/p>\n<p style=\"text-align: justify;\">En este caso, se trata de un reclamo de los gremios que integran la Federaci\u00f3n Mar\u00edtima, Portuaria y de la Industria Naval (FEMPINRA), que lidera Cayo Ayala, que reclaman un aumento del 35 por ciento.<\/p>\n<p style=\"text-align: justify;\">En el marco de las protestas que comenzaron el viernes \u00faltimo con asambleas por turno en los lugares de trabajo del puerto porte\u00f1o, los trabajadores anunciaron que marchar\u00e1n este mediod\u00eda hasta el Ministerio de Trabajo.<\/p>\n<p style=\"text-align: justify;\">El encuentro est\u00e1 previsto para las 12 en la intersecci\u00f3n de la avenida Callao y Bartolom\u00e9 Mitre.<\/p>\n<p style=\"text-align: justify;\">\u00abSe impone recuperar los salarios\u00bb, advirti\u00f3 el secretario de Prensa de FEMPINRA, Lu\u00eds Rebollo, a trav\u00e9s de un comunicado de prensa.<\/p>\n<p style=\"text-align: justify;\">Rebollo explic\u00f3 que \u00abla movilizaci\u00f3n ser\u00e1 una demostraci\u00f3n de respaldo a los delegados e integrantes del consejo directivo de la Federaci\u00f3n, que a esa hora mantendr\u00e1n un encuentro con los representantes de la C\u00e1mara de Concesionarios de las Terminales de Contenedores del Puerto de Buenos Aires\u00bb.<\/p>\n<p style=\"text-align: justify;\">Respecto de los representantes del sector empresario, indic\u00f3 que \u00aba\u00fan contin\u00faan neg\u00e1ndose a entablar negociaciones para mejorar los salarios\u00bb.<\/p>\n<p style=\"text-align: justify;\">Los trabajadores parar\u00e1n las actividades portuarias hasta \u00abel comienzo del primer turno de tareas del mi\u00e9rcoles, cuando tambi\u00e9n se realizar\u00e1 -desde las 14- un nuevo plenario de delegados para evaluar el cuadro de situaci\u00f3n y decidir los pasos a seguir\u00bb.<\/p>\n<p style=\"text-align: justify;\">Sin embargo, la C\u00e1mara de Concesionarios de Terminales de Contenedores del Puerto de Buenos Aires advirti\u00f3 que \u00absin una recuperaci\u00f3n, no se puede dar el aumento que quieren los gremios\u00bb.<\/p>\n<p style=\"text-align: justify;\">Por su parte, tambi\u00e9n las entidades sindicales que ya hab\u00edan acordado mejoras salariales en el primer cuatrimestre volvieron a la carga despu\u00e9s de que referentes de la CGT como Oscar Lescano (Luz y Fuerza) asegurar que los aumentos no son suficientes.<\/p>\n<p style=\"text-align: justify;\">As\u00ed, por ejemplo, los bancarios y Luz y Fuerza, que hab\u00edan acordado aumentos del 22 por ciento en abril, ahora exigen a las empresas reabrir las paritarias para llevar las mejoras hasta 35 por ciento.<\/p>\n<p style=\"text-align: justify;\">Del mismo modo, el gremio de Comercio pretende alcanzar un incremento salarial anual del 34 por ciento, tras haber cerrado en un 29, y otros sectores estar\u00edan analizando sumarse a los reclamos por una suba mayor, como los metal\u00fargicos que hab\u00edan cerrado en un 26,5.<\/p>\n<p style=\"text-align: justify;\">El propio gremio de Camioneros, que conduce Pablo Moyano y es unos de los m\u00e1s cercanos a la Casa Rosada, adelant\u00f3 que pedir\u00e1 a las empresas que otorguen un incremento salarial del 31 por ciento, tomando como base \u00abel Indec de los supermercados\u00bb.<\/p>\n<p style=\"text-align: justify;\">El mayor aumento fue el conseguir por los Curtidores, que cerraron una suba salarial del 49 por ciento.<\/p>\n","protected":false},"excerpt":{"rendered":"<p>Trabajadores portuarios comenzaron un cese de actividades en el puerto de Buenos Aires, que se mantendr\u00e1 hasta este mi\u00e9rcoles a las 7, en reclamo de un aumento salarial del 35 por ciento. Sin acordar topes, los reclamos salariales se dispararon por encima del 30 por ciento y los conflictos amenazan con alcanzar cada vez a&hellip;<\/p>\n","protected":false},"author":1,"featured_media":0,"comment_status":"open","ping_status":"open","sticky":false,"template":"","format":"standard","meta":{"footnotes":""},"categories":[16],"tags":[137,154,2179,3695,75],"class_list":["post-7355","post","type-post","status-publish","format-standard","hentry","category-gremiales","tag-bancarios","tag-buenos-aires","tag-mejoras","tag-puerto","tag-sueldos"],"_links":{"self":[{"href":"https:\/\/www.elsindical.com.ar\/notas\/wp-json\/wp\/v2\/posts\/7355","targetHints":{"allow":["GET"]}}],"collection":[{"href":"https:\/\/www.elsindical.com.ar\/notas\/wp-json\/wp\/v2\/posts"}],"about":[{"href":"https:\/\/www.elsindical.com.ar\/notas\/wp-json\/wp\/v2\/types\/post"}],"author":[{"embeddable":true,"href":"https:\/\/www.elsindical.com.ar\/notas\/wp-json\/wp\/v2\/users\/1"}],"replies":[{"embeddable":true,"href":"https:\/\/www.elsindical.com.ar\/notas\/wp-json\/wp\/v2\/comments?post=7355"}],"version-history":[{"count":1,"href":"https:\/\/www.elsindical.com.ar\/notas\/wp-json\/wp\/v2\/posts\/7355\/revisions"}],"predecessor-version":[{"id":7357,"href":"https:\/\/www.elsindical.com.ar\/notas\/wp-json\/wp\/v2\/posts\/7355\/revisions\/7357"}],"wp:attachment":[{"href":"https:\/\/www.elsindical.com.ar\/notas\/wp-json\/wp\/v2\/media?parent=7355"}],"wp:term":[{"taxonomy":"category","embeddable":true,"href":"https:\/\/www.elsindical.com.ar\/notas\/wp-json\/wp\/v2\/categories?post=7355"},{"taxonomy":"post_tag","embeddable":true,"href":"https:\/\/www.elsindical.com.ar\/notas\/wp-json\/wp\/v2\/tags?post=7355"}],"curies":[{"name":"wp","href":"https:\/\/api.w.org\/{rel}","templated":true}]}}