{"id":73485,"date":"2017-10-30T15:18:14","date_gmt":"2017-10-30T18:18:14","guid":{"rendered":"http:\/\/www.elsindical.com.ar\/notas\/?p=73485"},"modified":"2017-10-30T15:18:14","modified_gmt":"2017-10-30T18:18:14","slug":"junin-intendente-de-cambiemos-denuncia-a-un-hombre-de-su-rinon-por-corrupcion","status":"publish","type":"post","link":"https:\/\/www.elsindical.com.ar\/notas\/junin-intendente-de-cambiemos-denuncia-a-un-hombre-de-su-rinon-por-corrupcion\/","title":{"rendered":"Jun\u00edn: Intendente de Cambiemos denuncia a un hombre de su ri\u00f1\u00f3n por corrupci\u00f3n"},"content":{"rendered":"<p><em>\u00a0<a href=\"http:\/\/www.elsindical.com.ar\/notas\/var\/www\/html\/notas\/wp-content\/uploads\/2017\/10\/Walter-Fabi\u00e1n-Ledesma-y-su-novia.jpg\"><img loading=\"lazy\" decoding=\"async\" class=\"alignnone size-medium wp-image-73487\" src=\"http:\/\/www.elsindical.com.ar\/notas\/var\/www\/html\/notas\/wp-content\/uploads\/2017\/10\/Walter-Fabi\u00e1n-Ledesma-y-su-novia-300x179.jpg\" alt=\"\" width=\"300\" height=\"179\" srcset=\"https:\/\/www.elsindical.com.ar\/notas\/var\/www\/html\/notas\/wp-content\/uploads\/2017\/10\/Walter-Fabi\u00e1n-Ledesma-y-su-novia-300x179.jpg 300w, https:\/\/www.elsindical.com.ar\/notas\/var\/www\/html\/notas\/wp-content\/uploads\/2017\/10\/Walter-Fabi\u00e1n-Ledesma-y-su-novia-500x298.jpg 500w, https:\/\/www.elsindical.com.ar\/notas\/var\/www\/html\/notas\/wp-content\/uploads\/2017\/10\/Walter-Fabi\u00e1n-Ledesma-y-su-novia.jpg 620w\" sizes=\"auto, (max-width: 300px) 100vw, 300px\" \/><\/a> El ex jefe de Inspecci\u00f3n General de la Municipalidad de Jun\u00edn, est\u00e1 siendo investigado por la justicia, y enfrenta cargos por \u201cmalversaci\u00f3n de caudales p\u00fablicos\u201d. En las pr\u00f3ximas horas, el fiscal resolver\u00eda la situaci\u00f3n procesal del ex funcionario municipal.<\/em><\/p>\n<p>Fue un golpe duro, un mazazo inesperado para Pablo Petrecca. Uno de sus hombres de mayor confianza, del c\u00edrculo \u00edntimo, tendr\u00e1 que afrontar un proceso por irregularidades que investiga la justicia, luego de que el Intendente en persona lo denunciara ante el fiscal Javier Ochoaizpuro el jueves por la tarde, y\u00a0lo desplazara de su cargo en Inspecci\u00f3n General.<\/p>\n<p>Si bien no fue confirmado, fuentes cercanas al caso aseguraron a Semanario que Walter Fabi\u00e1n Ledesma, el pastor y amigo del jefe comunal, deber\u00e1 enfrentar cargos por \u201cmalversaci\u00f3n de caudales p\u00fablicos\u201d, aunque el hermetismo del caso mantenga reserva sobre la imputaci\u00f3n.<\/p>\n<p>Seg\u00fan la denuncia que investiga la justicia, el ex funcionario compr\u00f3 materiales de construcci\u00f3n a nombre de la municipalidad en un corral\u00f3n de Jun\u00edn, por un monto aproximado de 16.000 pesos, y los deriv\u00f3 a un lote propiedad de su novia, ubicado en Proyecto Alvear. Esta maniobra fue descubierta por el entorno del Ejecutivo, y habr\u00eda alertado al Intendente quien, en persona, y acompa\u00f1ado por la Secretaria de Gobierno, Agustina de Miguel y el secretario de Seguridad, Fabi\u00e1n Claudio, radic\u00f3 la correspondiente denuncia judicial.<\/p>\n<p>Por estas horas, el fiscal Ochoaizpuro est\u00e1 aguardando la entrega de las actuaciones complementarias que solicit\u00f3 para definir la calificaci\u00f3n del caso y as\u00ed poder seguir con los pasos procesales correspondientes.<\/p>\n<p>Asimismo, trascendi\u00f3 que uno de los principales testigos del caso, el fletero del corral\u00f3n que llev\u00f3 los materiales de construcci\u00f3n al terreno de la novia de Ledesma, a\u00fan no declar\u00f3 por no encontrarse en la ciudad, y podr\u00eda presentarse ante el funcionario judicial en las pr\u00f3ximas horas. Su testimonio, clave, terminar\u00eda de cerrar el c\u00edrculo sobre el ex jefe de Inspecci\u00f3n.<\/p>\n<p>Por otra parte, el abogado de Walter Ledesma, seg\u00fan informaci\u00f3n a la que accedi\u00f3 este medio, habr\u00eda presentado ante el juzgado de Garant\u00edas una exenci\u00f3n de prisi\u00f3n.<\/p>\n<p>En di\u00e1logo con\u00a0Semanario, el fiscal Javier Ochoaizpuro solo se limit\u00f3 a informar que \u201cse est\u00e1 investigando un il\u00edcito contra la administraci\u00f3n p\u00fablica, aunque restan un par de medidas que se llevar\u00e1n a cabo en las pr\u00f3ximas horas, para terminar de definir la imputaci\u00f3n precisa\u201d.<\/p>\n","protected":false},"excerpt":{"rendered":"<p>\u00a0 El ex jefe de Inspecci\u00f3n General de la Municipalidad de Jun\u00edn, est\u00e1 siendo investigado por la justicia, y enfrenta cargos por \u201cmalversaci\u00f3n de caudales p\u00fablicos\u201d. En las pr\u00f3ximas horas, el fiscal resolver\u00eda la situaci\u00f3n procesal del ex funcionario municipal. Fue un golpe duro, un mazazo inesperado para Pablo Petrecca. Uno de sus hombres de&hellip;<\/p>\n","protected":false},"author":1,"featured_media":73487,"comment_status":"open","ping_status":"open","sticky":false,"template":"","format":"standard","meta":{"footnotes":""},"categories":[13],"tags":[22169,7748,27539,3287,27540],"class_list":["post-73485","post","type-post","status-publish","format-standard","has-post-thumbnail","hentry","category-politica","tag-cambiemos","tag-junin","tag-pablo-petrecca","tag-pastor","tag-walter-fabian-ledesma"],"_links":{"self":[{"href":"https:\/\/www.elsindical.com.ar\/notas\/wp-json\/wp\/v2\/posts\/73485","targetHints":{"allow":["GET"]}}],"collection":[{"href":"https:\/\/www.elsindical.com.ar\/notas\/wp-json\/wp\/v2\/posts"}],"about":[{"href":"https:\/\/www.elsindical.com.ar\/notas\/wp-json\/wp\/v2\/types\/post"}],"author":[{"embeddable":true,"href":"https:\/\/www.elsindical.com.ar\/notas\/wp-json\/wp\/v2\/users\/1"}],"replies":[{"embeddable":true,"href":"https:\/\/www.elsindical.com.ar\/notas\/wp-json\/wp\/v2\/comments?post=73485"}],"version-history":[{"count":2,"href":"https:\/\/www.elsindical.com.ar\/notas\/wp-json\/wp\/v2\/posts\/73485\/revisions"}],"predecessor-version":[{"id":73488,"href":"https:\/\/www.elsindical.com.ar\/notas\/wp-json\/wp\/v2\/posts\/73485\/revisions\/73488"}],"wp:featuredmedia":[{"embeddable":true,"href":"https:\/\/www.elsindical.com.ar\/notas\/wp-json\/wp\/v2\/media\/73487"}],"wp:attachment":[{"href":"https:\/\/www.elsindical.com.ar\/notas\/wp-json\/wp\/v2\/media?parent=73485"}],"wp:term":[{"taxonomy":"category","embeddable":true,"href":"https:\/\/www.elsindical.com.ar\/notas\/wp-json\/wp\/v2\/categories?post=73485"},{"taxonomy":"post_tag","embeddable":true,"href":"https:\/\/www.elsindical.com.ar\/notas\/wp-json\/wp\/v2\/tags?post=73485"}],"curies":[{"name":"wp","href":"https:\/\/api.w.org\/{rel}","templated":true}]}}