{"id":73465,"date":"2017-10-29T11:55:34","date_gmt":"2017-10-29T14:55:34","guid":{"rendered":"http:\/\/www.elsindical.com.ar\/notas\/?p=73465"},"modified":"2017-10-29T11:55:34","modified_gmt":"2017-10-29T14:55:34","slug":"docentes-universitarios-analizan-plan-de-accion-en-reclamo-de-mayor-presupuesto","status":"publish","type":"post","link":"https:\/\/www.elsindical.com.ar\/notas\/docentes-universitarios-analizan-plan-de-accion-en-reclamo-de-mayor-presupuesto\/","title":{"rendered":"Docentes universitarios analizan plan de acci\u00f3n en reclamo de mayor presupuesto"},"content":{"rendered":"<p><em>\u00a0 <a href=\"http:\/\/www.elsindical.com.ar\/notas\/var\/www\/html\/notas\/wp-content\/uploads\/2017\/10\/plenario-de-la-CONADU.jpg\"><img loading=\"lazy\" decoding=\"async\" class=\"alignnone size-medium wp-image-73466\" src=\"http:\/\/www.elsindical.com.ar\/notas\/var\/www\/html\/notas\/wp-content\/uploads\/2017\/10\/plenario-de-la-CONADU-300x179.jpg\" alt=\"\" width=\"300\" height=\"179\" srcset=\"https:\/\/www.elsindical.com.ar\/notas\/var\/www\/html\/notas\/wp-content\/uploads\/2017\/10\/plenario-de-la-CONADU-300x179.jpg 300w, https:\/\/www.elsindical.com.ar\/notas\/var\/www\/html\/notas\/wp-content\/uploads\/2017\/10\/plenario-de-la-CONADU-500x298.jpg 500w, https:\/\/www.elsindical.com.ar\/notas\/var\/www\/html\/notas\/wp-content\/uploads\/2017\/10\/plenario-de-la-CONADU.jpg 620w\" sizes=\"auto, (max-width: 300px) 100vw, 300px\" \/><\/a>La iniciativa, surgi\u00f3 a partir de un cr\u00edtico informe sobre el Presupuesto 2018 del gobierno nacional, elaborado por el Instituto de Estudios y Capacitaci\u00f3n (IEC-CONADU).<\/em><\/p>\n<p>Con la presencia de representantes de 26 asociaciones de base, se desarroll\u00f3 en la sede central el Plenario de Secretarios Generales de la Federaci\u00f3n Nacional de Docentes Universitarios (CONADU), que tuvo como tema principal definir un plan de acci\u00f3n a partir del informe cr\u00edtico sobre el Proyecto de Ley de Presupuesto 2018 que elabor\u00f3 el Instituto de Estudios y Capacitaci\u00f3n (IEC-CONADU).<\/p>\n<p>Los docentes universitarios se\u00f1alan que con el presupuesto elevado por el gobierno \u201cse contin\u00faa con la intenci\u00f3n de llevar los salarios a la baja, pero tambi\u00e9n se reducen dr\u00e1sticamente las becas y los programas de inclusi\u00f3n. Es decir, menos recursos para tutor\u00edas, comedores, alojamiento universitario, etc, impactando en aquellos que menos posibilidades tienen\u201d.<\/p>\n<p>Adem\u00e1s, sostienen que \u201cel trabajo del docente se precariza, por el intento de congelar la planta y de no dar resoluci\u00f3n a la situaci\u00f3n de docentes contratados y ad honorem y se reducen dr\u00e1sticamente el presupuesto de gastos de funcionamiento e infraestructura. Todo este combo de ajuste s\u00f3lo les sirve al pago de intereses de la brutal deuda que contin\u00faan tomando\u201d, se\u00f1al\u00f3 Carlos De Feo, Secretario General de CONADU.<\/p>\n<p>El Plenario comenz\u00f3 con un reconocimiento al compa\u00f1ero Pablo Carro, Secretario General de ADIUC, quien fue electo Diputado Nacional en la provincia de C\u00f3rdoba por Unidad Ciudadana.<\/p>\n<p>Entre las resoluciones se decidi\u00f3 generar una campa\u00f1a de lucha sobre el Presupuesto que permita visibilizar el ajuste presupuestario en las Universidades, con acciones p\u00fablicas en las calles y que se instale en la agenda de los medios de comunicaci\u00f3n, para que llegue al conjunto de la sociedad la profundizaci\u00f3n del proceso de reducci\u00f3n del gasto social y de desfinanciamiento del sistema universitario p\u00fablico que planea el gobierno nacional.<\/p>\n<p>Luego de tratar los puntos del temario, el plenario aprob\u00f3 por unanimidad una \u201cCampa\u00f1a Nacional frente al Ajuste en la Universidad y por mayor presupuesto Universitario y para Ciencia y Tecnolog\u00eda\u201d.<\/p>\n<p>Tambi\u00e9n, Conadu resolvi\u00f3 declarar el 5 de Diciembre como \u201cD\u00eda Nacional de las Condiciones y Ambiente de Trabajo para la Universidad, a ra\u00edz de los 10 a\u00f1os de la tr\u00e1gica explosi\u00f3n de la planta piloto de Ingenier\u00eda en la UNRC, donde murieron cinco docentes e investigadores y el alumno\u201d.<\/p>\n<p>Por \u00faltimo, la entidad gremial dispuso \u201crelevar los protocolos de intervenci\u00f3n frente a casos de violencia de g\u00e9nero, para incorporar la perspectiva en los Convenios Colectivos de Trabajo\u201d.<\/p>\n","protected":false},"excerpt":{"rendered":"<p>\u00a0 La iniciativa, surgi\u00f3 a partir de un cr\u00edtico informe sobre el Presupuesto 2018 del gobierno nacional, elaborado por el Instituto de Estudios y Capacitaci\u00f3n (IEC-CONADU). Con la presencia de representantes de 26 asociaciones de base, se desarroll\u00f3 en la sede central el Plenario de Secretarios Generales de la Federaci\u00f3n Nacional de Docentes Universitarios (CONADU),&hellip;<\/p>\n","protected":false},"author":1,"featured_media":73466,"comment_status":"open","ping_status":"open","sticky":false,"template":"","format":"standard","meta":{"footnotes":""},"categories":[16],"tags":[27531,2716,6222,27532,3784,671],"class_list":["post-73465","post","type-post","status-publish","format-standard","has-post-thumbnail","hentry","category-gremiales","tag-adiuc","tag-conadu","tag-docentes-universitarios","tag-iec","tag-plenario","tag-presupuesto"],"_links":{"self":[{"href":"https:\/\/www.elsindical.com.ar\/notas\/wp-json\/wp\/v2\/posts\/73465","targetHints":{"allow":["GET"]}}],"collection":[{"href":"https:\/\/www.elsindical.com.ar\/notas\/wp-json\/wp\/v2\/posts"}],"about":[{"href":"https:\/\/www.elsindical.com.ar\/notas\/wp-json\/wp\/v2\/types\/post"}],"author":[{"embeddable":true,"href":"https:\/\/www.elsindical.com.ar\/notas\/wp-json\/wp\/v2\/users\/1"}],"replies":[{"embeddable":true,"href":"https:\/\/www.elsindical.com.ar\/notas\/wp-json\/wp\/v2\/comments?post=73465"}],"version-history":[{"count":1,"href":"https:\/\/www.elsindical.com.ar\/notas\/wp-json\/wp\/v2\/posts\/73465\/revisions"}],"predecessor-version":[{"id":73467,"href":"https:\/\/www.elsindical.com.ar\/notas\/wp-json\/wp\/v2\/posts\/73465\/revisions\/73467"}],"wp:featuredmedia":[{"embeddable":true,"href":"https:\/\/www.elsindical.com.ar\/notas\/wp-json\/wp\/v2\/media\/73466"}],"wp:attachment":[{"href":"https:\/\/www.elsindical.com.ar\/notas\/wp-json\/wp\/v2\/media?parent=73465"}],"wp:term":[{"taxonomy":"category","embeddable":true,"href":"https:\/\/www.elsindical.com.ar\/notas\/wp-json\/wp\/v2\/categories?post=73465"},{"taxonomy":"post_tag","embeddable":true,"href":"https:\/\/www.elsindical.com.ar\/notas\/wp-json\/wp\/v2\/tags?post=73465"}],"curies":[{"name":"wp","href":"https:\/\/api.w.org\/{rel}","templated":true}]}}