{"id":7340,"date":"2010-06-15T21:02:11","date_gmt":"2010-06-16T00:02:11","guid":{"rendered":"http:\/\/www.elsindical.com.ar\/notas\/?p=7340"},"modified":"2010-06-15T21:02:11","modified_gmt":"2010-06-16T00:02:11","slug":"lanusasesinaron-a-un-remisero","status":"publish","type":"post","link":"https:\/\/www.elsindical.com.ar\/notas\/lanusasesinaron-a-un-remisero\/","title":{"rendered":"Lan\u00fas:Asesinaron a un remisero"},"content":{"rendered":"<div id=\"cope\" style=\"text-align: justify;\"><em><a href=\"http:\/\/www.elsindical.com.ar\/notas\/var\/www\/html\/notas\/wp-content\/uploads\/2010\/06\/patrulla-bonaerense-gen\u00e9ric.jpg\"><img loading=\"lazy\" decoding=\"async\" class=\"alignleft size-medium wp-image-7341\" title=\"patrulla-bonaerense-gen\u00e9ric\" src=\"http:\/\/www.elsindical.com.ar\/notas\/var\/www\/html\/notas\/wp-content\/uploads\/2010\/06\/patrulla-bonaerense-gen\u00e9ric-300x112.jpg\" alt=\"\" width=\"300\" height=\"112\" srcset=\"https:\/\/www.elsindical.com.ar\/notas\/var\/www\/html\/notas\/wp-content\/uploads\/2010\/06\/patrulla-bonaerense-gen\u00e9ric-300x112.jpg 300w, https:\/\/www.elsindical.com.ar\/notas\/var\/www\/html\/notas\/wp-content\/uploads\/2010\/06\/patrulla-bonaerense-gen\u00e9ric.jpg 325w\" sizes=\"auto, (max-width: 300px) 100vw, 300px\" \/><\/a>Sucedi\u00f3 esta tarde en Villa Caraza, cuando dos delincuentes le robaron el auto mientras el chofer emprend\u00eda su viaje de regreso a la remiser\u00eda luego de dejar a un pasajero. Le dispararon en la oreja y muri\u00f3 en el acto. El veh\u00edculo fue hallado m\u00e1s tarde abandonado.<\/em><\/div>\n<div style=\"text-align: justify;\">Un remisero fue asesinado hoy de un balazo en la cabeza al ser asaltado por dos delincuentes que le robaron el auto cuando acababa de dejar a un pasajero, aunque el veh\u00edculo fue hallado luego abandonado, en el partido bonaerense de Lan\u00fas, informaron fuentes policiales.<\/p>\n<p>El hecho ocurri\u00f3 esta tarde, en la calle Estados Unidos 3500, casi esquina Manuel Castro, de la localidad de Villa Caraza, en dicho partido de la zona sur del conurbano, donde la v\u00edctima, de 35 a\u00f1os, iba a bordo de su rem\u00eds Fiat Siena blanco.<\/p>\n<p>De acuerdo a los voceros, el remisero aparentemente se resisti\u00f3, por lo que uno de los delincuentes le efectu\u00f3 un balazo que le impact\u00f3 en la oreja izquierda y le provoc\u00f3 la muerte pr\u00e1cticamente en el acto.<\/p>\n<p>Tras la agresi\u00f3n, los asaltantes huyeron con el Fiat Siena de la v\u00edctima, pero poco despu\u00e9s del crimen, la polic\u00eda de la Jefatura Departamental Lan\u00fas hall\u00f3 el auto robado abandonado en la calle Florida y las v\u00edas del tren, en la vecina Villa Diamante.<\/p>\n<p>El homicidio es investigado por el fiscal C\u00e9sar Lucero, de la Unidad funcional de Instrucci\u00f3n (UFI) de turno en el Departamento Judicial Lomas de Zamora.<\/p><\/div>\n","protected":false},"excerpt":{"rendered":"<p>Sucedi\u00f3 esta tarde en Villa Caraza, cuando dos delincuentes le robaron el auto mientras el chofer emprend\u00eda su viaje de regreso a la remiser\u00eda luego de dejar a un pasajero. Le dispararon en la oreja y muri\u00f3 en el acto. El veh\u00edculo fue hallado m\u00e1s tarde abandonado. Un remisero fue asesinado hoy de un balazo&hellip;<\/p>\n","protected":false},"author":1,"featured_media":0,"comment_status":"open","ping_status":"open","sticky":false,"template":"","format":"standard","meta":{"footnotes":""},"categories":[22],"tags":[388,209,3687,2637,116,3686],"class_list":["post-7340","post","type-post","status-publish","format-standard","hentry","category-policiales","tag-disparo","tag-lanus","tag-oreja","tag-remisero","tag-robo","tag-villa-caraza"],"_links":{"self":[{"href":"https:\/\/www.elsindical.com.ar\/notas\/wp-json\/wp\/v2\/posts\/7340","targetHints":{"allow":["GET"]}}],"collection":[{"href":"https:\/\/www.elsindical.com.ar\/notas\/wp-json\/wp\/v2\/posts"}],"about":[{"href":"https:\/\/www.elsindical.com.ar\/notas\/wp-json\/wp\/v2\/types\/post"}],"author":[{"embeddable":true,"href":"https:\/\/www.elsindical.com.ar\/notas\/wp-json\/wp\/v2\/users\/1"}],"replies":[{"embeddable":true,"href":"https:\/\/www.elsindical.com.ar\/notas\/wp-json\/wp\/v2\/comments?post=7340"}],"version-history":[{"count":1,"href":"https:\/\/www.elsindical.com.ar\/notas\/wp-json\/wp\/v2\/posts\/7340\/revisions"}],"predecessor-version":[{"id":7342,"href":"https:\/\/www.elsindical.com.ar\/notas\/wp-json\/wp\/v2\/posts\/7340\/revisions\/7342"}],"wp:attachment":[{"href":"https:\/\/www.elsindical.com.ar\/notas\/wp-json\/wp\/v2\/media?parent=7340"}],"wp:term":[{"taxonomy":"category","embeddable":true,"href":"https:\/\/www.elsindical.com.ar\/notas\/wp-json\/wp\/v2\/categories?post=7340"},{"taxonomy":"post_tag","embeddable":true,"href":"https:\/\/www.elsindical.com.ar\/notas\/wp-json\/wp\/v2\/tags?post=7340"}],"curies":[{"name":"wp","href":"https:\/\/api.w.org\/{rel}","templated":true}]}}