{"id":73299,"date":"2017-10-25T20:29:19","date_gmt":"2017-10-25T23:29:19","guid":{"rendered":"http:\/\/www.elsindical.com.ar\/notas\/?p=73299"},"modified":"2017-10-25T20:29:19","modified_gmt":"2017-10-25T23:29:19","slug":"lanus-detuvieron-a-una-de-las-ocupas-de-la-casa-de-claudia-ferro","status":"publish","type":"post","link":"https:\/\/www.elsindical.com.ar\/notas\/lanus-detuvieron-a-una-de-las-ocupas-de-la-casa-de-claudia-ferro\/","title":{"rendered":"Lan\u00fas: Detuvieron a una de las ocupas de la casa de Claudia Ferro"},"content":{"rendered":"<p><em><span class=\"text description col-xs-8 col-lg-9\">\u00a0 <a href=\"http:\/\/www.elsindical.com.ar\/notas\/var\/www\/html\/notas\/wp-content\/uploads\/2017\/10\/Claudia-Lorenis-Perdomo-Montilla.jpg\"><img loading=\"lazy\" decoding=\"async\" class=\"alignnone size-medium wp-image-73300\" src=\"http:\/\/www.elsindical.com.ar\/notas\/var\/www\/html\/notas\/wp-content\/uploads\/2017\/10\/Claudia-Lorenis-Perdomo-Montilla-300x222.jpg\" alt=\"\" width=\"300\" height=\"222\" srcset=\"https:\/\/www.elsindical.com.ar\/notas\/var\/www\/html\/notas\/wp-content\/uploads\/2017\/10\/Claudia-Lorenis-Perdomo-Montilla-300x222.jpg 300w, https:\/\/www.elsindical.com.ar\/notas\/var\/www\/html\/notas\/wp-content\/uploads\/2017\/10\/Claudia-Lorenis-Perdomo-Montilla-406x300.jpg 406w, https:\/\/www.elsindical.com.ar\/notas\/var\/www\/html\/notas\/wp-content\/uploads\/2017\/10\/Claudia-Lorenis-Perdomo-Montilla.jpg 750w\" sizes=\"auto, (max-width: 300px) 100vw, 300px\" \/><\/a>La detenci\u00f3n de Claudia Lorenis Perdomo Montilla, de 35 a\u00f1os, se produjo en la zona sur del Gran Buenos Aires.<\/span><\/em><\/p>\n<p>Una mujer de nacionalidad venezolana que junto a un hombre de origen peruano ocupaban la casa de Claudia Ferro cuando desapareci\u00f3 en enero pasado, en el barrio porte\u00f1o de Villa Luro, fue detenida por la tenencia del DNI de otra persona en el partido bonaerense de Lan\u00fas.<\/p>\n<p>La detenci\u00f3n de Claudia Lorenis Perdomo Montilla, de 35 a\u00f1os, se produjo este martes, poco despu\u00e9s de las 18:00, en Rosales y 3 de Febrero, de esa localidad de la zona sur del Gran Buenos Aires.<\/p>\n<p>Seg\u00fan indicaron fuentes policiales, Perdomo Montilla al ped\u00edrsele identificaci\u00f3n tras ser arrestado, present\u00f3 un DNI perteneciente a Patricia Alejandra Spagnolo.<\/p>\n<p>En principio la mujer fue puesta a disposici\u00f3n de la Unidad Funcional de Instrucci\u00f3n (UFI) 30 descentralizada de Lan\u00fas, que depende del Departamento Judicial de Lomas de Zamora.<\/p>\n<p>La mujer, que fue detenida por efectivos de la comisar\u00eda cuarta de Lan\u00fas, dependiente de la Jefatura Departamental de Seguridad Lan\u00fas, se encontraba pr\u00f3fuga en relaci\u00f3n a la causa por la desaparici\u00f3n de Ferro.<\/p>\n<p>La investigaci\u00f3n se inici\u00f3 el pasado 30 de diciembre, cuando los vecinos de Claudia Ferro hicieron la denuncia por su desaparici\u00f3n en la comisar\u00eda 54 y contando que dos personas hab\u00edan ocupado su vivienda.<\/p>\n<p>Esas dos personas eran un hombre de nacionalidad peruana, llamado Carlos Guti\u00e9rrez Manrique, y Perdomo Montilla, quienes aseguraron ante la Justicia que Ferro les pidi\u00f3 que le cuidaran la casa y los perros porque ella se iba de viaje como mochilera.<\/p>\n<p>Un tercera persona que se hizo conocida por usar una careta de Mickey cuando hablaba con la prensa tambi\u00e9n ocup\u00f3 la casa junto con los otros dos, y la semana pasada fue detenido acusado de asaltar una vivienda en la localidad bonaerense de Lan\u00fas.<\/p>\n<p>En el marco de la investigaci\u00f3n, este martes, efectivos de la Divisi\u00f3n de Criminal\u00edstica de la Polic\u00eda Federal realizaron un nuevo allanamiento en la casa de Claudia Ferro.<\/p>\n<p>Durante la jornada se efectuaron excavaciones en la parte posterior de la vivienda y se removi\u00f3 tierra en busca de alguna pista que permitiera encontrarla, inclusive con perros especializados en la b\u00fasqueda de personas.<\/p>\n<p>El resultado del allanamiento que se hizo con un geo radar dentro de la casa dio negativo, seg\u00fan se inform\u00f3.<\/p>\n<p>Se revisaron los dos pisos de la construcci\u00f3n, la terraza, donde hay un tanque de agua, y tambi\u00e9n inspeccionaron una construcci\u00f3n ubicada en el fondo de la vivienda.<\/p>\n<p>Fue el sexto allanamiento realizado en la casa, donde tambi\u00e9n trabaj\u00f3 personal de la Unidad de Criminal\u00edstica de la Gendarmer\u00eda Nacional.<\/p>\n<p>Nancy, prima de Claudia, quien estuvo presente dentro de la casa junto con otro primo mientras se realizaba el allanamiento explic\u00f3: \u00abNos mostraron los lugares donde se revis\u00f3\u00bb.<\/p>\n<p>\u00abTienen hip\u00f3tesis pero no est\u00e1n relacionadas con la casa. Ac\u00e1 se hicieron todas las pericias\u00bb, indic\u00f3.<\/p>\n<p>La mujer mencion\u00f3 que \u00abla causa est\u00e1 caratulada como averiguaci\u00f3n de delito\u00bb, para luego agregar: \u00abNo tienen ninguna prueba concreta de que a Claudia la mataron\u00bb.<\/p>\n<p>\u00abYo no creo que Claudia est\u00e9 con vida, pero no hay pruebas\u00bb, concluy\u00f3.\u00b4.<\/p>\n","protected":false},"excerpt":{"rendered":"<p>\u00a0 La detenci\u00f3n de Claudia Lorenis Perdomo Montilla, de 35 a\u00f1os, se produjo en la zona sur del Gran Buenos Aires. Una mujer de nacionalidad venezolana que junto a un hombre de origen peruano ocupaban la casa de Claudia Ferro cuando desapareci\u00f3 en enero pasado, en el barrio porte\u00f1o de Villa Luro, fue detenida por&hellip;<\/p>\n","protected":false},"author":1,"featured_media":73300,"comment_status":"open","ping_status":"open","sticky":false,"template":"","format":"standard","meta":{"footnotes":""},"categories":[22],"tags":[5021,27489,4799,209,27490],"class_list":["post-73299","post","type-post","status-publish","format-standard","has-post-thumbnail","hentry","category-policiales","tag-claudia-ferro","tag-claudia-lorenis-perdomo-montilla","tag-dni","tag-lanus","tag-ufi-30"],"_links":{"self":[{"href":"https:\/\/www.elsindical.com.ar\/notas\/wp-json\/wp\/v2\/posts\/73299","targetHints":{"allow":["GET"]}}],"collection":[{"href":"https:\/\/www.elsindical.com.ar\/notas\/wp-json\/wp\/v2\/posts"}],"about":[{"href":"https:\/\/www.elsindical.com.ar\/notas\/wp-json\/wp\/v2\/types\/post"}],"author":[{"embeddable":true,"href":"https:\/\/www.elsindical.com.ar\/notas\/wp-json\/wp\/v2\/users\/1"}],"replies":[{"embeddable":true,"href":"https:\/\/www.elsindical.com.ar\/notas\/wp-json\/wp\/v2\/comments?post=73299"}],"version-history":[{"count":1,"href":"https:\/\/www.elsindical.com.ar\/notas\/wp-json\/wp\/v2\/posts\/73299\/revisions"}],"predecessor-version":[{"id":73301,"href":"https:\/\/www.elsindical.com.ar\/notas\/wp-json\/wp\/v2\/posts\/73299\/revisions\/73301"}],"wp:featuredmedia":[{"embeddable":true,"href":"https:\/\/www.elsindical.com.ar\/notas\/wp-json\/wp\/v2\/media\/73300"}],"wp:attachment":[{"href":"https:\/\/www.elsindical.com.ar\/notas\/wp-json\/wp\/v2\/media?parent=73299"}],"wp:term":[{"taxonomy":"category","embeddable":true,"href":"https:\/\/www.elsindical.com.ar\/notas\/wp-json\/wp\/v2\/categories?post=73299"},{"taxonomy":"post_tag","embeddable":true,"href":"https:\/\/www.elsindical.com.ar\/notas\/wp-json\/wp\/v2\/tags?post=73299"}],"curies":[{"name":"wp","href":"https:\/\/api.w.org\/{rel}","templated":true}]}}