{"id":7325,"date":"2010-06-14T17:35:53","date_gmt":"2010-06-14T20:35:53","guid":{"rendered":"http:\/\/www.elsindical.com.ar\/notas\/?p=7325"},"modified":"2010-06-14T17:35:53","modified_gmt":"2010-06-14T20:35:53","slug":"avellanedadelincuentes-mataron-a-una-beba-al-huir-de-la-policia","status":"publish","type":"post","link":"https:\/\/www.elsindical.com.ar\/notas\/avellanedadelincuentes-mataron-a-una-beba-al-huir-de-la-policia\/","title":{"rendered":"Avellaneda:Delincuentes mataron a una beba al huir de la polic\u00eda"},"content":{"rendered":"<p style=\"text-align: justify;\"><em><a href=\"http:\/\/www.elsindical.com.ar\/notas\/var\/www\/html\/notas\/wp-content\/uploads\/2010\/06\/Hospital-Presidente-Per\u00f3n.jpg\"><img loading=\"lazy\" decoding=\"async\" class=\"alignleft size-full wp-image-7326\" title=\"Hospital-Presidente-Per\u00f3n\" src=\"http:\/\/www.elsindical.com.ar\/notas\/var\/www\/html\/notas\/wp-content\/uploads\/2010\/06\/Hospital-Presidente-Per\u00f3n.jpg\" alt=\"\" width=\"266\" height=\"206\" \/><\/a>Una bebita de menos de dos meses muri\u00f3 tr\u00e1gicamente cuando el rem\u00eds en el que la llevaban sus padres fue violentamente embestido por una camioneta 4&#215;4 en la cual se movilizaba una banda de delincuentes tratando de escapar de la Polic\u00eda, en las calles de la localidad bonaerense de Wilde.<\/em><\/p>\n<p style=\"text-align: justify;\">El episodio, que se produjo anoche, termin\u00f3 con la beba muerta, mientras que su madre y el chofer resultaron con heridas de distinta consideraci\u00f3n, por lo cual tuvieron que ser internados en el Hospital Eva Per\u00f3n de Avellaneda, seg\u00fan informaron esta ma\u00f1ana fuentes policiales.<\/p>\n<p>El incidente hab\u00eda comenzado poco antes en la vecina localidad de Lomas de Zamora, cuando cuatro individuos cometieron un asalto para robar una lujosa camioneta Toyota Hilux 4&#215;4 y emprendieron la fuga en direcci\u00f3n a Avellaneda.<\/p>\n<p>La Polic\u00eda sali\u00f3 en persecuci\u00f3n de los asaltantes, quienes en la esquina de las calles Paysand\u00fa y Larralde, en la localidad de Wilde, chocaron violentamente contra un rem\u00eds Renault Megane en el que viajaban la mujer y su esposo, con la peque\u00f1a Miara, que estaba a punto de cumplir dos meses.<\/p>\n<p>Despu\u00e9s del impacto, el rem\u00eds termin\u00f3 luego incrust\u00e1ndose contra un comercio.<br \/>\nMientras los asaltantes escaparon, como producto del choque resultaron con heridas de distinta consideraci\u00f3n la beba, su madre y el conductor del rem\u00eds.<\/p>\n<p>La beba fue llevada de urgencia al Hospital de Ni\u00f1os Sor Mar\u00eda Ludovica, de La Plata, pero muri\u00f3 mientras era trasladada.<\/p>\n<p>En tanto, seg\u00fan indic\u00f3 el m\u00e9dico Ra\u00fal Mattei, director del Hospital Eva Per\u00f3n, el chofer del rem\u00eds, llamado Rodolfo Real, de 57 a\u00f1os, se encontraba internado en estado de coma y con respiraci\u00f3n asistida, ya que sufri\u00f3 un serio traumatismo pulmonar.<\/p>\n<p>Por su lado, la madre de la peque\u00f1a, una mujer de 39 a\u00f1os, recibi\u00f3 politraumatismos pero de car\u00e1cter leve e iba a ser dada de alta en las pr\u00f3ximas horas.<\/p>\n","protected":false},"excerpt":{"rendered":"<p>Una bebita de menos de dos meses muri\u00f3 tr\u00e1gicamente cuando el rem\u00eds en el que la llevaban sus padres fue violentamente embestido por una camioneta 4&#215;4 en la cual se movilizaba una banda de delincuentes tratando de escapar de la Polic\u00eda, en las calles de la localidad bonaerense de Wilde. El episodio, que se produjo&hellip;<\/p>\n","protected":false},"author":1,"featured_media":0,"comment_status":"open","ping_status":"open","sticky":false,"template":"","format":"standard","meta":{"footnotes":""},"categories":[22],"tags":[681,3678,744,30,3677],"class_list":["post-7325","post","type-post","status-publish","format-standard","hentry","category-policiales","tag-beba","tag-hospital-eva-peron","tag-lomas-de-zamora","tag-policia","tag-remis"],"_links":{"self":[{"href":"https:\/\/www.elsindical.com.ar\/notas\/wp-json\/wp\/v2\/posts\/7325","targetHints":{"allow":["GET"]}}],"collection":[{"href":"https:\/\/www.elsindical.com.ar\/notas\/wp-json\/wp\/v2\/posts"}],"about":[{"href":"https:\/\/www.elsindical.com.ar\/notas\/wp-json\/wp\/v2\/types\/post"}],"author":[{"embeddable":true,"href":"https:\/\/www.elsindical.com.ar\/notas\/wp-json\/wp\/v2\/users\/1"}],"replies":[{"embeddable":true,"href":"https:\/\/www.elsindical.com.ar\/notas\/wp-json\/wp\/v2\/comments?post=7325"}],"version-history":[{"count":1,"href":"https:\/\/www.elsindical.com.ar\/notas\/wp-json\/wp\/v2\/posts\/7325\/revisions"}],"predecessor-version":[{"id":7327,"href":"https:\/\/www.elsindical.com.ar\/notas\/wp-json\/wp\/v2\/posts\/7325\/revisions\/7327"}],"wp:attachment":[{"href":"https:\/\/www.elsindical.com.ar\/notas\/wp-json\/wp\/v2\/media?parent=7325"}],"wp:term":[{"taxonomy":"category","embeddable":true,"href":"https:\/\/www.elsindical.com.ar\/notas\/wp-json\/wp\/v2\/categories?post=7325"},{"taxonomy":"post_tag","embeddable":true,"href":"https:\/\/www.elsindical.com.ar\/notas\/wp-json\/wp\/v2\/tags?post=7325"}],"curies":[{"name":"wp","href":"https:\/\/api.w.org\/{rel}","templated":true}]}}