{"id":73237,"date":"2017-10-24T10:49:21","date_gmt":"2017-10-24T13:49:21","guid":{"rendered":"http:\/\/www.elsindical.com.ar\/notas\/?p=73237"},"modified":"2017-10-24T10:49:21","modified_gmt":"2017-10-24T13:49:21","slug":"denuncian-a-una-jueza-de-ushuaia-que-niega-la-defensa-de-un-caballo-ultimado-a-mazazos","status":"publish","type":"post","link":"https:\/\/www.elsindical.com.ar\/notas\/denuncian-a-una-jueza-de-ushuaia-que-niega-la-defensa-de-un-caballo-ultimado-a-mazazos\/","title":{"rendered":"Denuncian a una Jueza de Ushuaia que niega la defensa de un caballo ultimado a mazazos"},"content":{"rendered":"<p><em>\u00a0 <a href=\"http:\/\/www.elsindical.com.ar\/notas\/var\/www\/html\/notas\/wp-content\/uploads\/2017\/10\/caballo-muerto-a-mazazos.jpg\"><img loading=\"lazy\" decoding=\"async\" class=\"alignnone size-medium wp-image-73238\" src=\"http:\/\/www.elsindical.com.ar\/notas\/var\/www\/html\/notas\/wp-content\/uploads\/2017\/10\/caballo-muerto-a-mazazos-300x179.jpg\" alt=\"\" width=\"300\" height=\"179\" srcset=\"https:\/\/www.elsindical.com.ar\/notas\/var\/www\/html\/notas\/wp-content\/uploads\/2017\/10\/caballo-muerto-a-mazazos-300x179.jpg 300w, https:\/\/www.elsindical.com.ar\/notas\/var\/www\/html\/notas\/wp-content\/uploads\/2017\/10\/caballo-muerto-a-mazazos-500x298.jpg 500w, https:\/\/www.elsindical.com.ar\/notas\/var\/www\/html\/notas\/wp-content\/uploads\/2017\/10\/caballo-muerto-a-mazazos.jpg 620w\" sizes=\"auto, (max-width: 300px) 100vw, 300px\" \/><\/a>El caso de \u201cShrek\u201d logr\u00f3 repercusi\u00f3n nacional porque los responsables filmaron el episodio y el video se viraliz\u00f3. Desde AFADA recusan a una funcionaria judicial y argumentan: \u201cbuscamos es un fallo ejemplar para evitar que se repita\u201d.<\/em><\/p>\n<p>El 10 de octubre de 2016, un video filmado en las afueras de la capital fueguina gener\u00f3 una gran repercusi\u00f3n provincial y nacional. Las im\u00e1genes eran tremendas: all\u00ed se ve\u00eda el sufrimiento del caballo \u201cShrek\u201d, un animal al que cuatro sujetos torturaron y ultimaron a mazazos.<\/p>\n<p>A poco m\u00e1s de un a\u00f1o del episodio, la Asociaci\u00f3n de Funcionarios y Abogados por los Derechos de los Animales (AFADA) sigue en b\u00fasqueda de \u201cun fallo ejemplar para evitar que se repita\u201d.<\/p>\n<p>Desde esa entidad, en los \u00faltimos d\u00edas, se elev\u00f3 una denuncia la jueza de instrucci\u00f3n de Ushuaia, Mar\u00eda Cristina Barrionuevo, quien le neg\u00f3 dos veces la posibilidad de ser querellantes en la causa donde se investiga la matanza del equino. La ONG pide la recusaci\u00f3n de Barrionuevo por \u201cfalta de imparcialidad\u201d y por \u201cprevaricato e incumplimiento de sus deberes\u201d, ya que asegura que fue deso\u00eddo un fallo de C\u00e1mara.<\/p>\n<p>Vale aclarar que la magistrada identific\u00f3 y proces\u00f3 a cuatro personas (Cristian Gustavo Acosta, Mat\u00edas Rolando Dom\u00ednguez, Claudia Andrea Lescano y Arturo Segundo Guti\u00e9rrez) que aparec\u00edan en el video por \u201cabigeato agravado\u201d y por infracci\u00f3n a la ley 14.346 que pena el trato cruel a los animales, pero nunca permiti\u00f3 a AFADA constituirse como parte querellante en el expediente, con el argumento de que \u201cno es la persona particularmente ofendida por el delito\u201d, ni tampoco es un \u201cincapaz\u201d que necesite de representaci\u00f3n.<\/p>\n<p>Esta decisi\u00f3n \u201ccontradice jurisprudencia pac\u00edfica de la Justicia nacional\u201d, en donde se \u201cha reconocido a nuestra organizaci\u00f3n ser parte querellante representando el derecho de los animales\u201d, sentenci\u00f3 la abogada de AFADA en Ushuaia, Griselda Engelhard, en di\u00e1logo con EDFM.<\/p>\n<p>\u201cPara nosotros, el due\u00f1o del animal no es la v\u00edctima porque ello implicar\u00eda cosificar a un ser vivo y sujeto de derechos. Para nosotros, el animal es la v\u00edctima\u201d, asegur\u00f3 la letrada y record\u00f3 que la jueza ya se hab\u00eda expedido de la misma forma en diciembre de 2016, mientras que la Sala Civil de la C\u00e1mara de Apelaciones, en un fallo del 29 de agosto de este a\u00f1o, revoc\u00f3 la decisi\u00f3n por \u201cfalta de fundamentaci\u00f3n\u201d y le orden\u00f3 emitir un nuevo pronunciamiento.<\/p>\n<p>Como Barrionuevo volvi\u00f3 a insistir con el mismo criterio, AFADA apel\u00f3 la resoluci\u00f3n. Adem\u00e1s advirti\u00f3 la magistrada incurri\u00f3 en un \u201cabuso de poder\u201d al deso\u00edr la sentencia de C\u00e1mara y requiri\u00f3, esta vez, su apartamiento por \u201cfalta de imparcialidad\u201d. En este marco, pide que se investigue si cometi\u00f3 los delitos de \u201cincumplimiento de los deberes de funcionario p\u00fablico\u201d y \u201cprevaricato\u201d, seg\u00fan surge del escrito presentado ante la Justicia por la entidad que presidente Pablo Buompadre.<\/p>\n<p>\u201cA Shrek lo mataron de 38 mazazos en la cabeza. Lo que buscamos es un fallo ejemplar para evitar que casos como este se repitan. Lamentablemente ahora la causa volver\u00e1 a la C\u00e1mara y se sigue demorando cuando ya transcurri\u00f3 un a\u00f1o desde ocurrido el hecho\u201d, se quej\u00f3 Engelhard.<\/p>\n<p>AFADA es la misma entidad que intervino para salvaguardar la salud de la orangutana \u201cSandra\u201d, en Buenos Aires y del chimpanc\u00e9 \u201cCecilia\u201d en Mendoza, y que particip\u00f3 del rescate de nueve tigres del Circo Veracruz, en Chaco, a fines del a\u00f1o 2015, entre otras causas por maltrato animal.<\/p>\n","protected":false},"excerpt":{"rendered":"<p>\u00a0 El caso de \u201cShrek\u201d logr\u00f3 repercusi\u00f3n nacional porque los responsables filmaron el episodio y el video se viraliz\u00f3. Desde AFADA recusan a una funcionaria judicial y argumentan: \u201cbuscamos es un fallo ejemplar para evitar que se repita\u201d. El 10 de octubre de 2016, un video filmado en las afueras de la capital fueguina gener\u00f3&hellip;<\/p>\n","protected":false},"author":1,"featured_media":73238,"comment_status":"open","ping_status":"open","sticky":false,"template":"","format":"standard","meta":{"footnotes":""},"categories":[6],"tags":[27464,2793,175,27463,1838,4765],"class_list":["post-73237","post","type-post","status-publish","format-standard","has-post-thumbnail","hentry","category-denuncias","tag-afada","tag-caballo","tag-denuncia","tag-mazazos","tag-muerto","tag-ushuaia"],"_links":{"self":[{"href":"https:\/\/www.elsindical.com.ar\/notas\/wp-json\/wp\/v2\/posts\/73237","targetHints":{"allow":["GET"]}}],"collection":[{"href":"https:\/\/www.elsindical.com.ar\/notas\/wp-json\/wp\/v2\/posts"}],"about":[{"href":"https:\/\/www.elsindical.com.ar\/notas\/wp-json\/wp\/v2\/types\/post"}],"author":[{"embeddable":true,"href":"https:\/\/www.elsindical.com.ar\/notas\/wp-json\/wp\/v2\/users\/1"}],"replies":[{"embeddable":true,"href":"https:\/\/www.elsindical.com.ar\/notas\/wp-json\/wp\/v2\/comments?post=73237"}],"version-history":[{"count":1,"href":"https:\/\/www.elsindical.com.ar\/notas\/wp-json\/wp\/v2\/posts\/73237\/revisions"}],"predecessor-version":[{"id":73239,"href":"https:\/\/www.elsindical.com.ar\/notas\/wp-json\/wp\/v2\/posts\/73237\/revisions\/73239"}],"wp:featuredmedia":[{"embeddable":true,"href":"https:\/\/www.elsindical.com.ar\/notas\/wp-json\/wp\/v2\/media\/73238"}],"wp:attachment":[{"href":"https:\/\/www.elsindical.com.ar\/notas\/wp-json\/wp\/v2\/media?parent=73237"}],"wp:term":[{"taxonomy":"category","embeddable":true,"href":"https:\/\/www.elsindical.com.ar\/notas\/wp-json\/wp\/v2\/categories?post=73237"},{"taxonomy":"post_tag","embeddable":true,"href":"https:\/\/www.elsindical.com.ar\/notas\/wp-json\/wp\/v2\/tags?post=73237"}],"curies":[{"name":"wp","href":"https:\/\/api.w.org\/{rel}","templated":true}]}}