{"id":7321,"date":"2010-06-14T13:32:04","date_gmt":"2010-06-14T16:32:04","guid":{"rendered":"http:\/\/www.elsindical.com.ar\/notas\/?p=7321"},"modified":"2010-06-14T13:32:35","modified_gmt":"2010-06-14T16:32:35","slug":"salidas-transitorias-para-condenado-por-el-crimen-del-esposo-de-georgina","status":"publish","type":"post","link":"https:\/\/www.elsindical.com.ar\/notas\/salidas-transitorias-para-condenado-por-el-crimen-del-esposo-de-georgina\/","title":{"rendered":"Salidas transitorias para condenado por el crimen del esposo de Georgina"},"content":{"rendered":"<p style=\"text-align: justify;\"><em><a href=\"http:\/\/www.elsindical.com.ar\/notas\/var\/www\/html\/notas\/wp-content\/uploads\/2010\/06\/Miguel-Lecuna-y-Georgina-Ba.jpg\"><img loading=\"lazy\" decoding=\"async\" class=\"alignleft size-medium wp-image-7322\" title=\"Miguel-Lecuna-y-Georgina-Ba\" src=\"http:\/\/www.elsindical.com.ar\/notas\/var\/www\/html\/notas\/wp-content\/uploads\/2010\/06\/Miguel-Lecuna-y-Georgina-Ba-300x206.jpg\" alt=\"\" width=\"300\" height=\"206\" srcset=\"https:\/\/www.elsindical.com.ar\/notas\/var\/www\/html\/notas\/wp-content\/uploads\/2010\/06\/Miguel-Lecuna-y-Georgina-Ba-300x206.jpg 300w, https:\/\/www.elsindical.com.ar\/notas\/var\/www\/html\/notas\/wp-content\/uploads\/2010\/06\/Miguel-Lecuna-y-Georgina-Ba.jpg 312w\" sizes=\"auto, (max-width: 300px) 100vw, 300px\" \/><\/a>Gabriel G\u00f3mez, quien fue condenado a 16 a\u00f1os de prisi\u00f3n por el asesinato del \u00abVasco\u00bb Lecuna, puede dejar la c\u00e1rcel dos veces al mes. El juez que lo autoriz\u00f3 tom\u00f3 en cuenta el tiempo que lleva en prisi\u00f3n, su conducta calificada con un \u00abdiez\u00bb y el concepto general de \u00absiete\u00bb.<\/em><\/p>\n<p style=\"text-align: justify;\">Uno de los condenados por el crimen de Miguel Lecuna, marido de la actriz Georgina Barbarosa, fue beneficiado con salidas transitorias de prisi\u00f3n dos veces al mes, informaron hoy fuentes judiciales.<\/p>\n<p>Se trata de Ernesto Gabriel G\u00f3mez, condenado a 16 a\u00f1os de prisi\u00f3n por el asesinato de Miguel Lecuna, cometido en noviembre del 2001 mientras viajaba en un taxi en el barrio porte\u00f1o de Palermo.<\/p>\n<p>G\u00f3mez fue detenido en noviembre de ese a\u00f1o y cumpli\u00f3 la condena en una c\u00e1rcel de La Pampa hasta que el mes pasado fue trasladado al penal de Ezeiza, desde donde se le concedieron las salidas, autorizadas por el juez de Ejecuci\u00f3n Penal Axel L\u00f3pez.<\/p>\n<p>El condenado goza del beneficio desde el 28 de mayo pasado y podr\u00e1 dejar la c\u00e1rcel dos veces al mes.<\/p>\n<p>Para concederle el beneficio, el juez tuvo en cuenta el tiempo que lleva en prisi\u00f3n, su conducta calificada con un \u00abdiez\u00bb y el concepto general de \u00absiete\u00bb.<\/p>\n<p>Por el crimen del \u00abVasco\u00bb, apodo del marido de Barbarosa, fueron condenadas cinco personas a penas de entre dos y a\u00f1os y medio y 21 a\u00f1os de prisi\u00f3n, en un juicio oral realizado en el Tribunal en lo Criminal dos, por los jueces Hugo Boano, Silvia Mora y Alejandro Becerra.<\/p>\n","protected":false},"excerpt":{"rendered":"<p>Gabriel G\u00f3mez, quien fue condenado a 16 a\u00f1os de prisi\u00f3n por el asesinato del \u00abVasco\u00bb Lecuna, puede dejar la c\u00e1rcel dos veces al mes. El juez que lo autoriz\u00f3 tom\u00f3 en cuenta el tiempo que lleva en prisi\u00f3n, su conducta calificada con un \u00abdiez\u00bb y el concepto general de \u00absiete\u00bb. Uno de los condenados por&hellip;<\/p>\n","protected":false},"author":1,"featured_media":0,"comment_status":"open","ping_status":"open","sticky":false,"template":"","format":"standard","meta":{"footnotes":""},"categories":[20],"tags":[363,3674,3676,3675],"class_list":["post-7321","post","type-post","status-publish","format-standard","hentry","category-judiciales","tag-asesinato","tag-gabriel-gomez","tag-georgina-barbarosa","tag-vasco-lecuna"],"_links":{"self":[{"href":"https:\/\/www.elsindical.com.ar\/notas\/wp-json\/wp\/v2\/posts\/7321","targetHints":{"allow":["GET"]}}],"collection":[{"href":"https:\/\/www.elsindical.com.ar\/notas\/wp-json\/wp\/v2\/posts"}],"about":[{"href":"https:\/\/www.elsindical.com.ar\/notas\/wp-json\/wp\/v2\/types\/post"}],"author":[{"embeddable":true,"href":"https:\/\/www.elsindical.com.ar\/notas\/wp-json\/wp\/v2\/users\/1"}],"replies":[{"embeddable":true,"href":"https:\/\/www.elsindical.com.ar\/notas\/wp-json\/wp\/v2\/comments?post=7321"}],"version-history":[{"count":2,"href":"https:\/\/www.elsindical.com.ar\/notas\/wp-json\/wp\/v2\/posts\/7321\/revisions"}],"predecessor-version":[{"id":7324,"href":"https:\/\/www.elsindical.com.ar\/notas\/wp-json\/wp\/v2\/posts\/7321\/revisions\/7324"}],"wp:attachment":[{"href":"https:\/\/www.elsindical.com.ar\/notas\/wp-json\/wp\/v2\/media?parent=7321"}],"wp:term":[{"taxonomy":"category","embeddable":true,"href":"https:\/\/www.elsindical.com.ar\/notas\/wp-json\/wp\/v2\/categories?post=7321"},{"taxonomy":"post_tag","embeddable":true,"href":"https:\/\/www.elsindical.com.ar\/notas\/wp-json\/wp\/v2\/tags?post=7321"}],"curies":[{"name":"wp","href":"https:\/\/api.w.org\/{rel}","templated":true}]}}