{"id":73206,"date":"2017-10-23T01:34:41","date_gmt":"2017-10-23T04:34:41","guid":{"rendered":"http:\/\/www.elsindical.com.ar\/notas\/?p=73206"},"modified":"2017-10-23T01:34:41","modified_gmt":"2017-10-23T04:34:41","slug":"el-oficialismo-triunfa-en-avellaneda","status":"publish","type":"post","link":"https:\/\/www.elsindical.com.ar\/notas\/el-oficialismo-triunfa-en-avellaneda\/","title":{"rendered":"El oficialismo triunfa en Avellaneda"},"content":{"rendered":"<p><em>\u00a0 <a href=\"http:\/\/www.elsindical.com.ar\/notas\/var\/www\/html\/notas\/wp-content\/uploads\/2017\/10\/voto-de-Ferraresi-2017.jpg\"><img loading=\"lazy\" decoding=\"async\" class=\"alignnone size-medium wp-image-73207\" src=\"http:\/\/www.elsindical.com.ar\/notas\/var\/www\/html\/notas\/wp-content\/uploads\/2017\/10\/voto-de-Ferraresi-2017-300x188.jpg\" alt=\"\" width=\"300\" height=\"188\" srcset=\"https:\/\/www.elsindical.com.ar\/notas\/var\/www\/html\/notas\/wp-content\/uploads\/2017\/10\/voto-de-Ferraresi-2017-300x188.jpg 300w, https:\/\/www.elsindical.com.ar\/notas\/var\/www\/html\/notas\/wp-content\/uploads\/2017\/10\/voto-de-Ferraresi-2017-480x300.jpg 480w, https:\/\/www.elsindical.com.ar\/notas\/var\/www\/html\/notas\/wp-content\/uploads\/2017\/10\/voto-de-Ferraresi-2017.jpg 640w\" sizes=\"auto, (max-width: 300px) 100vw, 300px\" \/><\/a>Escrutadas el 77 por ciento de las mesas, la lista encabezada por M\u00f3nica Ghirelli y que integra el intendente Jorge Ferraresi, se impone con el 43 por ciento de los votos. Cambiemos est\u00e1 segundo con el 38 por ciento. El resto de las fuerzas no supera el piso para ingresar al Concejo.<\/em><\/p>\n<p>Se conocieron los primeros resultados oficiales de las elecciones en Avellaneda y como se preve\u00eda hay una fuerte polarizaci\u00f3n entre Unidad Ciudadana y Cambiemos.<\/p>\n<p>En este marco, el oficialismo obtiene un nuevo triunfo ya que escrutadas el 77 por ciento de las mesas se impone con el 43,31 por ciento de los votos.<\/p>\n<p>El macrismo, que lleva como primer candidato a Sebasti\u00e1n Vinagre, obtiene el 38,64 por ciento y es el \u00fanico espacio, junto con Unidad Ciudadana, que consigue ingresar representantes al Concejo Deliberante.<\/p>\n<p>Muy atr\u00e1s se ubican el Frente de Izquierda y de los Trabajadores con el 5,37; las dos listas del massismo, la de Co.Pe.Bo con el 4,96 y 1Pa\u00eds con 4,20; y \u00faltimo est\u00e1 el Frente Justicialista Cumplir con el 3,52.<\/p>\n","protected":false},"excerpt":{"rendered":"<p>\u00a0 Escrutadas el 77 por ciento de las mesas, la lista encabezada por M\u00f3nica Ghirelli y que integra el intendente Jorge Ferraresi, se impone con el 43 por ciento de los votos. Cambiemos est\u00e1 segundo con el 38 por ciento. El resto de las fuerzas no supera el piso para ingresar al Concejo. Se conocieron&hellip;<\/p>\n","protected":false},"author":1,"featured_media":73207,"comment_status":"open","ping_status":"open","sticky":false,"template":"","format":"standard","meta":{"footnotes":""},"categories":[13],"tags":[461,22169,1062,26312],"class_list":["post-73206","post","type-post","status-publish","format-standard","has-post-thumbnail","hentry","category-politica","tag-avellaneda","tag-cambiemos","tag-jorge-ferraresi","tag-unidad-ciudadana"],"_links":{"self":[{"href":"https:\/\/www.elsindical.com.ar\/notas\/wp-json\/wp\/v2\/posts\/73206","targetHints":{"allow":["GET"]}}],"collection":[{"href":"https:\/\/www.elsindical.com.ar\/notas\/wp-json\/wp\/v2\/posts"}],"about":[{"href":"https:\/\/www.elsindical.com.ar\/notas\/wp-json\/wp\/v2\/types\/post"}],"author":[{"embeddable":true,"href":"https:\/\/www.elsindical.com.ar\/notas\/wp-json\/wp\/v2\/users\/1"}],"replies":[{"embeddable":true,"href":"https:\/\/www.elsindical.com.ar\/notas\/wp-json\/wp\/v2\/comments?post=73206"}],"version-history":[{"count":1,"href":"https:\/\/www.elsindical.com.ar\/notas\/wp-json\/wp\/v2\/posts\/73206\/revisions"}],"predecessor-version":[{"id":73208,"href":"https:\/\/www.elsindical.com.ar\/notas\/wp-json\/wp\/v2\/posts\/73206\/revisions\/73208"}],"wp:featuredmedia":[{"embeddable":true,"href":"https:\/\/www.elsindical.com.ar\/notas\/wp-json\/wp\/v2\/media\/73207"}],"wp:attachment":[{"href":"https:\/\/www.elsindical.com.ar\/notas\/wp-json\/wp\/v2\/media?parent=73206"}],"wp:term":[{"taxonomy":"category","embeddable":true,"href":"https:\/\/www.elsindical.com.ar\/notas\/wp-json\/wp\/v2\/categories?post=73206"},{"taxonomy":"post_tag","embeddable":true,"href":"https:\/\/www.elsindical.com.ar\/notas\/wp-json\/wp\/v2\/tags?post=73206"}],"curies":[{"name":"wp","href":"https:\/\/api.w.org\/{rel}","templated":true}]}}