{"id":73197,"date":"2017-10-22T21:06:59","date_gmt":"2017-10-23T00:06:59","guid":{"rendered":"http:\/\/www.elsindical.com.ar\/notas\/?p=73197"},"modified":"2017-10-22T21:06:59","modified_gmt":"2017-10-23T00:06:59","slug":"denuncian-que-laboratorios-pretenden-violar-leyes-de-promocion-de-medicamentos","status":"publish","type":"post","link":"https:\/\/www.elsindical.com.ar\/notas\/denuncian-que-laboratorios-pretenden-violar-leyes-de-promocion-de-medicamentos\/","title":{"rendered":"Denuncian que laboratorios pretenden violar leyes de promoci\u00f3n de medicamentos"},"content":{"rendered":"<p><em>\u00a0\u00a0 <a href=\"http:\/\/www.elsindical.com.ar\/notas\/var\/www\/html\/notas\/wp-content\/uploads\/2010\/04\/Ricardo-Peidro.jpg\"><img loading=\"lazy\" decoding=\"async\" class=\"alignnone size-full wp-image-5409\" src=\"http:\/\/www.elsindical.com.ar\/notas\/var\/www\/html\/notas\/wp-content\/uploads\/2010\/04\/Ricardo-Peidro.jpg\" alt=\"\" width=\"170\" height=\"170\" srcset=\"https:\/\/www.elsindical.com.ar\/notas\/var\/www\/html\/notas\/wp-content\/uploads\/2010\/04\/Ricardo-Peidro.jpg 170w, https:\/\/www.elsindical.com.ar\/notas\/var\/www\/html\/notas\/wp-content\/uploads\/2010\/04\/Ricardo-Peidro-150x150.jpg 150w\" sizes=\"auto, (max-width: 170px) 100vw, 170px\" \/><\/a>Visitadores m\u00e9dicos nucleados en la Asociaci\u00f3n Agentes de Propaganda M\u00e9dica (AAPM de la RA), se movilizaron este viernes hasta la Rural de Palermo, donde se realiz\u00f3 el Congreso de la Sociedad Argentina de Cardiolog\u00eda (SAC) para denunciar que los Laboratorios est\u00e1n violando las leyes locales que rigen la promoci\u00f3n del medicamento.<\/em><\/p>\n<p>El secretario General de la AAPM, Ricardo Peidro, denunci\u00f3 que \u00abla industria farmac\u00e9utica extorsiona a los visitadores m\u00e9dicos con que seamos c\u00f3mplices en la violaci\u00f3n de las leyes de profesionalidad de los Agentes de Propaganda M\u00e9dica a cambio de la firma de paritarias\u00bb.<\/p>\n<p>Peidro remarc\u00f3 que \u00abla decisi\u00f3n de movilizar a la Rural\u201d tuvo que ver con que en los stands de promoci\u00f3n de medicamentos no deber\u00eda haber personal que no est\u00e9 debidamente matriculado para realizar dichas tareas, por lo que alertaron a los asistentes y expositores sobre \u201cestos abusos de los laboratorios\u00bb.<\/p>\n<p>El dirigente, quien adem\u00e1s es Secretario Adjunto de la CTA Aut\u00f3noma, indic\u00f3 que \u00abpretenden pasar por encima de las leyes de profesionalidad para avanzar en una reforma laboral de hecho, flexibilizando condiciones de trabajo y poniendo en riesgo la salud colectiva al avalar que personal no matriculado pueda realizar tareas de promoci\u00f3n m\u00e9dica.\u00bb<\/p>\n<p>El \u00faltimo 9 de septiembre, mediante un plebiscito con una participaci\u00f3n del 75% de los afiliados gremiales, un 98.5% de los votantes insisti\u00f3 en rechazar los condicionamientos de los laboratorios en la negociaci\u00f3n paritaria. \u00abLos visitadores m\u00e9dicos decimos basta de impunidad de la industria farmac\u00e9utica, defendemos las leyes de profesionalidad para poner un freno a los abusos contra los trabajadores y la salud colectiva\u00bb.<\/p>\n","protected":false},"excerpt":{"rendered":"<p>\u00a0\u00a0 Visitadores m\u00e9dicos nucleados en la Asociaci\u00f3n Agentes de Propaganda M\u00e9dica (AAPM de la RA), se movilizaron este viernes hasta la Rural de Palermo, donde se realiz\u00f3 el Congreso de la Sociedad Argentina de Cardiolog\u00eda (SAC) para denunciar que los Laboratorios est\u00e1n violando las leyes locales que rigen la promoci\u00f3n del medicamento. El secretario General&hellip;<\/p>\n","protected":false},"author":1,"featured_media":5409,"comment_status":"open","ping_status":"open","sticky":false,"template":"","format":"standard","meta":{"footnotes":""},"categories":[6],"tags":[333,184,175,19098,3707,11971],"class_list":["post-73197","post","type-post","status-publish","format-standard","has-post-thumbnail","hentry","category-denuncias","tag-aapm","tag-cta","tag-denuncia","tag-laboratorios","tag-ricardo-peidro","tag-sac"],"_links":{"self":[{"href":"https:\/\/www.elsindical.com.ar\/notas\/wp-json\/wp\/v2\/posts\/73197","targetHints":{"allow":["GET"]}}],"collection":[{"href":"https:\/\/www.elsindical.com.ar\/notas\/wp-json\/wp\/v2\/posts"}],"about":[{"href":"https:\/\/www.elsindical.com.ar\/notas\/wp-json\/wp\/v2\/types\/post"}],"author":[{"embeddable":true,"href":"https:\/\/www.elsindical.com.ar\/notas\/wp-json\/wp\/v2\/users\/1"}],"replies":[{"embeddable":true,"href":"https:\/\/www.elsindical.com.ar\/notas\/wp-json\/wp\/v2\/comments?post=73197"}],"version-history":[{"count":1,"href":"https:\/\/www.elsindical.com.ar\/notas\/wp-json\/wp\/v2\/posts\/73197\/revisions"}],"predecessor-version":[{"id":73198,"href":"https:\/\/www.elsindical.com.ar\/notas\/wp-json\/wp\/v2\/posts\/73197\/revisions\/73198"}],"wp:featuredmedia":[{"embeddable":true,"href":"https:\/\/www.elsindical.com.ar\/notas\/wp-json\/wp\/v2\/media\/5409"}],"wp:attachment":[{"href":"https:\/\/www.elsindical.com.ar\/notas\/wp-json\/wp\/v2\/media?parent=73197"}],"wp:term":[{"taxonomy":"category","embeddable":true,"href":"https:\/\/www.elsindical.com.ar\/notas\/wp-json\/wp\/v2\/categories?post=73197"},{"taxonomy":"post_tag","embeddable":true,"href":"https:\/\/www.elsindical.com.ar\/notas\/wp-json\/wp\/v2\/tags?post=73197"}],"curies":[{"name":"wp","href":"https:\/\/api.w.org\/{rel}","templated":true}]}}