{"id":73147,"date":"2017-10-20T21:07:40","date_gmt":"2017-10-21T00:07:40","guid":{"rendered":"http:\/\/www.elsindical.com.ar\/notas\/?p=73147"},"modified":"2017-10-20T21:07:40","modified_gmt":"2017-10-21T00:07:40","slug":"neuquen-buscan-medicos-ofrecen-sueldo-y-alquiler","status":"publish","type":"post","link":"https:\/\/www.elsindical.com.ar\/notas\/neuquen-buscan-medicos-ofrecen-sueldo-y-alquiler\/","title":{"rendered":"Neuqu\u00e9n: Buscan m\u00e9dicos, ofrecen sueldo y alquiler"},"content":{"rendered":"<p><em><a href=\"http:\/\/www.elsindical.com.ar\/notas\/var\/www\/html\/notas\/wp-content\/uploads\/2017\/10\/falta-m\u00e9dicos-en-Neuqu\u00e9n.jpg\"><img loading=\"lazy\" decoding=\"async\" class=\"alignnone size-medium wp-image-73148\" src=\"http:\/\/www.elsindical.com.ar\/notas\/var\/www\/html\/notas\/wp-content\/uploads\/2017\/10\/falta-m\u00e9dicos-en-Neuqu\u00e9n-300x179.jpg\" alt=\"\" width=\"300\" height=\"179\" srcset=\"https:\/\/www.elsindical.com.ar\/notas\/var\/www\/html\/notas\/wp-content\/uploads\/2017\/10\/falta-m\u00e9dicos-en-Neuqu\u00e9n-300x179.jpg 300w, https:\/\/www.elsindical.com.ar\/notas\/var\/www\/html\/notas\/wp-content\/uploads\/2017\/10\/falta-m\u00e9dicos-en-Neuqu\u00e9n-500x298.jpg 500w, https:\/\/www.elsindical.com.ar\/notas\/var\/www\/html\/notas\/wp-content\/uploads\/2017\/10\/falta-m\u00e9dicos-en-Neuqu\u00e9n.jpg 620w\" sizes=\"auto, (max-width: 300px) 100vw, 300px\" \/><\/a>\u00a0 La falta de profesionales en el sistema p\u00fablico de salud de Neuqu\u00e9n es un problema que no termina de resolverse. Por ello, el Gobierno provincial despleg\u00f3 una campa\u00f1a de captaci\u00f3n por todo el pa\u00eds y ofrece una bonificaci\u00f3n a quienes se radiquen.<\/em><\/p>\n<p>Los m\u00e9dicos que trabajan en los hospitales entienden que el d\u00e9ficit no s\u00f3lo es la pauta salarial, sino a las condiciones laborales. La crisis cobr\u00f3 magnitud luego de que el hospital Centenario se quedara sin servicio de pediatr\u00eda, a mitad de a\u00f1o.<\/p>\n<p>Susana Filipponi, directora provincial de Recursos Humanos de Salud, se\u00f1al\u00f3 a R\u00edo Negro: \u201cSon 48 especialistas en pediatr\u00eda con los que nos hemos contactado, de los cuales una m\u00e9dica nos dio \u2018el ok\u2019 para empezar, pero a \u00faltimo momento nos dijo que no se animaba a comenzar sola. Quiere que por lo menos busquemos otro pediatra para poder ser dos en Centenario\u201d. Indic\u00f3 que \u201csiete candidatos tienen el inter\u00e9s para arrancar en el 2018, de los cuales tenemos que retomar con ellos en diciembre\u201d.<\/p>\n<p>A los profesionales que se instalen se les otorga una ayuda econ\u00f3mica para el alquiler de vivienda, aparte del salario.<\/p>\n<p>\u201cLo que les da miedo es que siempre estamos posicionados como una provincia muy cara, estamos todos al valor del petr\u00f3leo, cuando no es el que toda la provincia tiene. Eso es lo que les da un poquito de miedo, la mayor\u00eda de la gente que por ah\u00ed ha aceptado venirse es porque le gusta la tranquilidad y el estado de los hospitales\u201d, manifest\u00f3 Filipponi.<\/p>\n<p>Las \u00e1reas cr\u00edticas son: medicina general, ginecolog\u00eda y pediatr\u00eda.<\/p>\n","protected":false},"excerpt":{"rendered":"<p>\u00a0 La falta de profesionales en el sistema p\u00fablico de salud de Neuqu\u00e9n es un problema que no termina de resolverse. Por ello, el Gobierno provincial despleg\u00f3 una campa\u00f1a de captaci\u00f3n por todo el pa\u00eds y ofrece una bonificaci\u00f3n a quienes se radiquen. Los m\u00e9dicos que trabajan en los hospitales entienden que el d\u00e9ficit no&hellip;<\/p>\n","protected":false},"author":1,"featured_media":73148,"comment_status":"open","ping_status":"open","sticky":false,"template":"","format":"standard","meta":{"footnotes":""},"categories":[25],"tags":[103,1326,10696,27429],"class_list":["post-73147","post","type-post","status-publish","format-standard","has-post-thumbnail","hentry","category-sociedad","tag-medicos","tag-neuquen","tag-salud-publica","tag-susana-filipponi"],"_links":{"self":[{"href":"https:\/\/www.elsindical.com.ar\/notas\/wp-json\/wp\/v2\/posts\/73147","targetHints":{"allow":["GET"]}}],"collection":[{"href":"https:\/\/www.elsindical.com.ar\/notas\/wp-json\/wp\/v2\/posts"}],"about":[{"href":"https:\/\/www.elsindical.com.ar\/notas\/wp-json\/wp\/v2\/types\/post"}],"author":[{"embeddable":true,"href":"https:\/\/www.elsindical.com.ar\/notas\/wp-json\/wp\/v2\/users\/1"}],"replies":[{"embeddable":true,"href":"https:\/\/www.elsindical.com.ar\/notas\/wp-json\/wp\/v2\/comments?post=73147"}],"version-history":[{"count":1,"href":"https:\/\/www.elsindical.com.ar\/notas\/wp-json\/wp\/v2\/posts\/73147\/revisions"}],"predecessor-version":[{"id":73149,"href":"https:\/\/www.elsindical.com.ar\/notas\/wp-json\/wp\/v2\/posts\/73147\/revisions\/73149"}],"wp:featuredmedia":[{"embeddable":true,"href":"https:\/\/www.elsindical.com.ar\/notas\/wp-json\/wp\/v2\/media\/73148"}],"wp:attachment":[{"href":"https:\/\/www.elsindical.com.ar\/notas\/wp-json\/wp\/v2\/media?parent=73147"}],"wp:term":[{"taxonomy":"category","embeddable":true,"href":"https:\/\/www.elsindical.com.ar\/notas\/wp-json\/wp\/v2\/categories?post=73147"},{"taxonomy":"post_tag","embeddable":true,"href":"https:\/\/www.elsindical.com.ar\/notas\/wp-json\/wp\/v2\/tags?post=73147"}],"curies":[{"name":"wp","href":"https:\/\/api.w.org\/{rel}","templated":true}]}}