{"id":73144,"date":"2017-10-20T21:03:37","date_gmt":"2017-10-21T00:03:37","guid":{"rendered":"http:\/\/www.elsindical.com.ar\/notas\/?p=73144"},"modified":"2017-10-20T21:03:37","modified_gmt":"2017-10-21T00:03:37","slug":"mar-del-plata-arroyo-volvio-a-cortar-el-transporte-para-chicos-con-discapacidad","status":"publish","type":"post","link":"https:\/\/www.elsindical.com.ar\/notas\/mar-del-plata-arroyo-volvio-a-cortar-el-transporte-para-chicos-con-discapacidad\/","title":{"rendered":"Mar del Plata: Arroyo volvi\u00f3 a cortar el transporte para chicos con discapacidad"},"content":{"rendered":"<p><em>\u00a0 <a href=\"http:\/\/www.elsindical.com.ar\/notas\/var\/www\/html\/notas\/wp-content\/uploads\/2017\/10\/madres-en-lucha-Mar-del-Plata.jpg\"><img loading=\"lazy\" decoding=\"async\" class=\"alignnone size-medium wp-image-73145\" src=\"http:\/\/www.elsindical.com.ar\/notas\/var\/www\/html\/notas\/wp-content\/uploads\/2017\/10\/madres-en-lucha-Mar-del-Plata-300x179.jpg\" alt=\"\" width=\"300\" height=\"179\" srcset=\"https:\/\/www.elsindical.com.ar\/notas\/var\/www\/html\/notas\/wp-content\/uploads\/2017\/10\/madres-en-lucha-Mar-del-Plata-300x179.jpg 300w, https:\/\/www.elsindical.com.ar\/notas\/var\/www\/html\/notas\/wp-content\/uploads\/2017\/10\/madres-en-lucha-Mar-del-Plata-500x298.jpg 500w, https:\/\/www.elsindical.com.ar\/notas\/var\/www\/html\/notas\/wp-content\/uploads\/2017\/10\/madres-en-lucha-Mar-del-Plata.jpg 620w\" sizes=\"auto, (max-width: 300px) 100vw, 300px\" \/><\/a>Victoria, mam\u00e1 de una de las nenas damnificadas asegur\u00f3 que no descartan realizar una huelga de hambre. \u201cNo nos queda m\u00e1s por hacer, estamos angustiadas, cansadas de esto\u201d, agreg\u00f3.<\/em><\/p>\n<p>Nuevamente, el grupo \u201cMam\u00e1s en lucha\u201d volvi\u00f3 a manifestarse en la v\u00eda p\u00fablica, este jueves, frente al municipio de Mar del Plata. El motivo: cortaron el transporte para los chicos con discapacidad.<\/p>\n<p>En di\u00e1logo con 0223, Victoria, mam\u00e1 de Abril (14) que sufre par\u00e1lisis cerebral y una enfermedad degenerativa, explic\u00f3: \u201cDurante este mes cortaron dos veces el transporte, nuestros chicos dejan de asistir a la escuela, dejan de asistir a los hospitales y a su rehabilitaci\u00f3n. Es la segunda vez que pedimos hablar con Patrricia Leniz. Queremos saber qu\u00e9 respuesta nos van a dar sobre el corte de estos traslados y qu\u00e9 es lo que va a pasar con nuestros hijos. Hace un a\u00f1o medio que estamos en la lucha, ya no podemos seguir as\u00ed. Tenemos que estar con nuestros hijos cuid\u00e1ndolos. No tendr\u00eda que ser as\u00ed, nuestros hijos tienen derecho a estudiar y poder ir a la escuela\u201d.<\/p>\n<p>Al ser consultada por la respuesta que les brind\u00f3 Servisa, la mujer se\u00f1al\u00f3: \u201cNos dijeron que se cort\u00f3 el servicio de todo lo que es Desarrollo Social. Por eso Leniz o Arroyo, alguien tiene que salir a decirnos qu\u00e9 pasa, como no hicieron cuando a principios de este mes tambi\u00e9n se cort\u00f3 el servicio\u201d.<\/p>\n<p>Con respecto a la explicaci\u00f3n que reciben ante esta problem\u00e1tica, es que el municipio no paga. \u201cLo sabemos de buena fuente. Ahora dicen que es por los kilometrajes, no sabemos qu\u00e9 tiene que ver eso, pero no les creemos nada. Queremos que vuelva el servicio y en caso de que no vuelva iremos a una huelga de hambre, no nos queda m\u00e1s por hacer, estamos angustiadas, cansadas de esto\u201d, agreg\u00f3 la mujer.<\/p>\n<p>El reclamo de las madres empez\u00f3 hace 18 meses y en Mar del Plata afectan espec\u00edficamente a todos los afiliados a Incluir Salud. \u201cAc\u00e1 somos un grupo de 15 mam\u00e1s, pero muchas otras se cansan, a veces no se tiene la fuerza para seguir con estos reclamos. Y tenemos miedo de lo que pasar\u00e1 luego de las elecciones\u201d, complet\u00f3 Victoria.<\/p>\n","protected":false},"excerpt":{"rendered":"<p>\u00a0 Victoria, mam\u00e1 de una de las nenas damnificadas asegur\u00f3 que no descartan realizar una huelga de hambre. \u201cNo nos queda m\u00e1s por hacer, estamos angustiadas, cansadas de esto\u201d, agreg\u00f3. Nuevamente, el grupo \u201cMam\u00e1s en lucha\u201d volvi\u00f3 a manifestarse en la v\u00eda p\u00fablica, este jueves, frente al municipio de Mar del Plata. El motivo: cortaron&hellip;<\/p>\n","protected":false},"author":1,"featured_media":73145,"comment_status":"open","ping_status":"open","sticky":false,"template":"","format":"standard","meta":{"footnotes":""},"categories":[6],"tags":[14190,99,272,27428,1673],"class_list":["post-73144","post","type-post","status-publish","format-standard","has-post-thumbnail","hentry","category-denuncias","tag-arroyo","tag-chicos","tag-discapacidad","tag-madres-en-lucha","tag-mar-del-plata"],"_links":{"self":[{"href":"https:\/\/www.elsindical.com.ar\/notas\/wp-json\/wp\/v2\/posts\/73144","targetHints":{"allow":["GET"]}}],"collection":[{"href":"https:\/\/www.elsindical.com.ar\/notas\/wp-json\/wp\/v2\/posts"}],"about":[{"href":"https:\/\/www.elsindical.com.ar\/notas\/wp-json\/wp\/v2\/types\/post"}],"author":[{"embeddable":true,"href":"https:\/\/www.elsindical.com.ar\/notas\/wp-json\/wp\/v2\/users\/1"}],"replies":[{"embeddable":true,"href":"https:\/\/www.elsindical.com.ar\/notas\/wp-json\/wp\/v2\/comments?post=73144"}],"version-history":[{"count":1,"href":"https:\/\/www.elsindical.com.ar\/notas\/wp-json\/wp\/v2\/posts\/73144\/revisions"}],"predecessor-version":[{"id":73146,"href":"https:\/\/www.elsindical.com.ar\/notas\/wp-json\/wp\/v2\/posts\/73144\/revisions\/73146"}],"wp:featuredmedia":[{"embeddable":true,"href":"https:\/\/www.elsindical.com.ar\/notas\/wp-json\/wp\/v2\/media\/73145"}],"wp:attachment":[{"href":"https:\/\/www.elsindical.com.ar\/notas\/wp-json\/wp\/v2\/media?parent=73144"}],"wp:term":[{"taxonomy":"category","embeddable":true,"href":"https:\/\/www.elsindical.com.ar\/notas\/wp-json\/wp\/v2\/categories?post=73144"},{"taxonomy":"post_tag","embeddable":true,"href":"https:\/\/www.elsindical.com.ar\/notas\/wp-json\/wp\/v2\/tags?post=73144"}],"curies":[{"name":"wp","href":"https:\/\/api.w.org\/{rel}","templated":true}]}}