{"id":73142,"date":"2017-10-20T20:59:27","date_gmt":"2017-10-20T23:59:27","guid":{"rendered":"http:\/\/www.elsindical.com.ar\/notas\/?p=73142"},"modified":"2017-10-20T20:59:27","modified_gmt":"2017-10-20T23:59:27","slug":"polemicas-declaraciones-del-intendente-de-bahia-blanca","status":"publish","type":"post","link":"https:\/\/www.elsindical.com.ar\/notas\/polemicas-declaraciones-del-intendente-de-bahia-blanca\/","title":{"rendered":"Pol\u00e9micas declaraciones del intendente de Bah\u00eda Blanca"},"content":{"rendered":"<p><em><a href=\"http:\/\/www.elsindical.com.ar\/notas\/var\/www\/html\/notas\/wp-content\/uploads\/2017\/09\/H\u00e9ctor-Gay.jpg\"><img loading=\"lazy\" decoding=\"async\" class=\"alignnone size-medium wp-image-72469\" src=\"http:\/\/www.elsindical.com.ar\/notas\/var\/www\/html\/notas\/wp-content\/uploads\/2017\/09\/H\u00e9ctor-Gay-300x179.jpg\" alt=\"\" width=\"300\" height=\"179\" srcset=\"https:\/\/www.elsindical.com.ar\/notas\/var\/www\/html\/notas\/wp-content\/uploads\/2017\/09\/H\u00e9ctor-Gay-300x179.jpg 300w, https:\/\/www.elsindical.com.ar\/notas\/var\/www\/html\/notas\/wp-content\/uploads\/2017\/09\/H\u00e9ctor-Gay-500x298.jpg 500w, https:\/\/www.elsindical.com.ar\/notas\/var\/www\/html\/notas\/wp-content\/uploads\/2017\/09\/H\u00e9ctor-Gay.jpg 620w\" sizes=\"auto, (max-width: 300px) 100vw, 300px\" \/><\/a>\u00a0\u00a0 \u201cApenas recobrada la democracia tuvimos un incremento paulatino de los \u00edndices de inseguridad\u201d, asegur\u00f3 H\u00e9ctor Gay.<\/em><\/p>\n<p>Esta semana, el intendente de Bah\u00eda Blanca, H\u00e9ctor Gay, de Cambiemos, realiz\u00f3 pol\u00e9micas declaraciones: \u201cApenas recobrada la democracia tuvimos un incremento paulatino de los \u00edndices de inseguridad\u201d.<\/p>\n<p>Seg\u00fan publica el portal Infosexta a partir de declaraciones al canal 9 de Bah\u00eda Blanca, Gay asegur\u00f3: \u201cApenas recobrada la democracia tuvimos un incremento paulatino de los \u00edndices de inseguridad\u201d. Adem\u00e1s, el jefe comunal caracteriz\u00f3 a la dictadura como \u201cuna \u00e9poca de no democracia\u201d en la que \u201cla preocupaci\u00f3n y la inseguridad era otra\u201d.<\/p>\n<p>No es la primera vez que Gay hace este tipo de declaraciones. En 2016, durante los actos del 25 de mayo desempolv\u00f3 la terminolog\u00eda de los viejos genocidas a la hora de hablar -seg\u00fan aclar\u00f3 despu\u00e9s- del narcotr\u00e1fico. En dicha ocasi\u00f3n, pidi\u00f3 durante su discurso \u00abunidad\u00bb ante los \u00abenemigos de adentro y de afuera\u00bb y asegur\u00f3 que hay \u00abgrupos organizados\u00bb que buscan \u00absubvertir valores y adue\u00f1arse de nuestros ideales y de nuestra juventud\u00bb.<\/p>\n<p>Seg\u00fan el intendente de Bah\u00eda Blanca, hab\u00eda entonces \u201cenemigos importantes, de adentro y de afuera, los que responden a intereses personales y los que integran grupos perfectamente organizados que no tienen patria ni bandera, pero que s\u00ed quieren subvertir valores y adue\u00f1arse fundamentalmente de nuestros ideales y de nuestra juventud\u00bb.<\/p>\n<p>Luego de que la oposici\u00f3n y de organizaciones de Derechos Humanos repudiaran sus dichos, Gay tuvo que rectificarse: \u201cYo s\u00e9 que la palabra enemigo es fuerte, pero de ninguna manera fue dirigida a un adversario pol\u00edtico. El que trafica y est\u00e1 lucrando con la vida de los j\u00f3venes s\u00ed es un enemigo para m\u00ed y para la sociedad\u201d, intent\u00f3 aclarar.<\/p>\n","protected":false},"excerpt":{"rendered":"<p>\u00a0\u00a0 \u201cApenas recobrada la democracia tuvimos un incremento paulatino de los \u00edndices de inseguridad\u201d, asegur\u00f3 H\u00e9ctor Gay. Esta semana, el intendente de Bah\u00eda Blanca, H\u00e9ctor Gay, de Cambiemos, realiz\u00f3 pol\u00e9micas declaraciones: \u201cApenas recobrada la democracia tuvimos un incremento paulatino de los \u00edndices de inseguridad\u201d. Seg\u00fan publica el portal Infosexta a partir de declaraciones al canal&hellip;<\/p>\n","protected":false},"author":1,"featured_media":72469,"comment_status":"open","ping_status":"open","sticky":false,"template":"","format":"standard","meta":{"footnotes":""},"categories":[13],"tags":[365,22169,27234,1833],"class_list":["post-73142","post","type-post","status-publish","format-standard","has-post-thumbnail","hentry","category-politica","tag-bahia-blanca","tag-cambiemos","tag-hector-gay","tag-intendente"],"_links":{"self":[{"href":"https:\/\/www.elsindical.com.ar\/notas\/wp-json\/wp\/v2\/posts\/73142","targetHints":{"allow":["GET"]}}],"collection":[{"href":"https:\/\/www.elsindical.com.ar\/notas\/wp-json\/wp\/v2\/posts"}],"about":[{"href":"https:\/\/www.elsindical.com.ar\/notas\/wp-json\/wp\/v2\/types\/post"}],"author":[{"embeddable":true,"href":"https:\/\/www.elsindical.com.ar\/notas\/wp-json\/wp\/v2\/users\/1"}],"replies":[{"embeddable":true,"href":"https:\/\/www.elsindical.com.ar\/notas\/wp-json\/wp\/v2\/comments?post=73142"}],"version-history":[{"count":1,"href":"https:\/\/www.elsindical.com.ar\/notas\/wp-json\/wp\/v2\/posts\/73142\/revisions"}],"predecessor-version":[{"id":73143,"href":"https:\/\/www.elsindical.com.ar\/notas\/wp-json\/wp\/v2\/posts\/73142\/revisions\/73143"}],"wp:featuredmedia":[{"embeddable":true,"href":"https:\/\/www.elsindical.com.ar\/notas\/wp-json\/wp\/v2\/media\/72469"}],"wp:attachment":[{"href":"https:\/\/www.elsindical.com.ar\/notas\/wp-json\/wp\/v2\/media?parent=73142"}],"wp:term":[{"taxonomy":"category","embeddable":true,"href":"https:\/\/www.elsindical.com.ar\/notas\/wp-json\/wp\/v2\/categories?post=73142"},{"taxonomy":"post_tag","embeddable":true,"href":"https:\/\/www.elsindical.com.ar\/notas\/wp-json\/wp\/v2\/tags?post=73142"}],"curies":[{"name":"wp","href":"https:\/\/api.w.org\/{rel}","templated":true}]}}