{"id":73138,"date":"2017-10-20T19:31:21","date_gmt":"2017-10-20T22:31:21","guid":{"rendered":"http:\/\/www.elsindical.com.ar\/notas\/?p=73138"},"modified":"2017-10-20T19:31:21","modified_gmt":"2017-10-20T22:31:21","slug":"fallo-avala-la-remocion-sin-juicio-politico-de-gils-carbo","status":"publish","type":"post","link":"https:\/\/www.elsindical.com.ar\/notas\/fallo-avala-la-remocion-sin-juicio-politico-de-gils-carbo\/","title":{"rendered":"Fallo avala la remoci\u00f3n sin juicio pol\u00edtico de Gils Carb\u00f3"},"content":{"rendered":"<p><em>\u00a0 <a href=\"http:\/\/www.elsindical.com.ar\/notas\/var\/www\/html\/notas\/wp-content\/uploads\/2013\/02\/Procuraci\u00f3n-General-Alejandra-Gils-Carb\u00f3.jpg\"><img loading=\"lazy\" decoding=\"async\" class=\"alignnone size-medium wp-image-32975\" src=\"http:\/\/www.elsindical.com.ar\/notas\/var\/www\/html\/notas\/wp-content\/uploads\/2013\/02\/Procuraci\u00f3n-General-Alejandra-Gils-Carb\u00f3-300x225.jpg\" alt=\"\" width=\"300\" height=\"225\" srcset=\"https:\/\/www.elsindical.com.ar\/notas\/var\/www\/html\/notas\/wp-content\/uploads\/2013\/02\/Procuraci\u00f3n-General-Alejandra-Gils-Carb\u00f3-300x225.jpg 300w, https:\/\/www.elsindical.com.ar\/notas\/var\/www\/html\/notas\/wp-content\/uploads\/2013\/02\/Procuraci\u00f3n-General-Alejandra-Gils-Carb\u00f3-399x300.jpg 399w, https:\/\/www.elsindical.com.ar\/notas\/var\/www\/html\/notas\/wp-content\/uploads\/2013\/02\/Procuraci\u00f3n-General-Alejandra-Gils-Carb\u00f3.jpg 531w\" sizes=\"auto, (max-width: 300px) 100vw, 300px\" \/><\/a>El Juez Pablo Cayssials consider\u00f3 \u00abinconstitucional\u00bb un art\u00edculo de la Ley del Ministerio P\u00fablico que equipara al procurador general con los jueces de la Corte.<\/em><\/p>\n<p>Un juez en lo Contencioso Administrativo aval\u00f3 la remoci\u00f3n de la procuradora general de la Naci\u00f3n, Alejandra Gils Carb\u00f3, sin necesidad de recurrir al mecanismo del juicio pol\u00edtico con intervenci\u00f3n del Congreso.<\/p>\n<p>El juez Pablo Cayssials declar\u00f3 \u201cinconstitucional\u201d un art\u00edculo de la Ley de Ministerio P\u00fablico que equipara al procurador general con los jueces de la Corte Suprema en las formas en que puede ser removido del cargo.<\/p>\n<p>El fallo fue adoptado ante sendos planteos de la ONG Ser\u00e1 Justicia y del Colegio de Abogados de la Ciudad de Buenos Aires, ambos enrolados en el ala m\u00e1s conservadora del derecho.<\/p>\n<p>El art\u00edculo de la ley que \u201cestablece que el Procurador General de la Naci\u00f3n s\u00f3lo puede ser removido por las causales y mediante el procedimiento establecido en la Constituci\u00f3n Nacional, resulta contrario a lo dispuesto en \u00e9sta\u201d, resolvi\u00f3 el juez Cayssials.<\/p>\n<p>Para ello, cit\u00f3 jurisprudencia de la Corte Suprema y doctrina de constitucionalistas, entre ellos el ex canciller Rafael Bielsa.<\/p>\n<p>\u201cUna norma como la cuestionada en autos \u2013dictada a los efectos de organizar el Ministerio P\u00fablico Fiscal\u2013 no puede el\u00edpticamente modificar (la Constituci\u00f3n), ya que todo medio o forma diferente de los procedimientos regulares que aqu\u00e9lla establece para su reforma, renovaci\u00f3n o cambio, tendr\u00e1 el estigma de su inconstitucionalidad y convertir\u00e1 en inv\u00e1lida la modificaci\u00f3n que se incorpore\u201d, sentenci\u00f3 el juez.<\/p>\n<p>El fallo es apelable ante la C\u00e1mara del fuero, pero en los hechos despeja virtualmente el camino para que el Poder Ejecutivo pueda remover a Gils Carb\u00f3 mediante una decisi\u00f3n administrativa.<\/p>\n<p>Declarada inconstitucional la norma que equipara al procurador con los jueces de la Corte, no existe un mecanismo para remover al jefe de los fiscales, y ante ese vac\u00edo normativo el Ejecutivo podr\u00eda recurrir a un decreto para sacar a la procuradora del cargo.<\/p>\n","protected":false},"excerpt":{"rendered":"<p>\u00a0 El Juez Pablo Cayssials consider\u00f3 \u00abinconstitucional\u00bb un art\u00edculo de la Ley del Ministerio P\u00fablico que equipara al procurador general con los jueces de la Corte. Un juez en lo Contencioso Administrativo aval\u00f3 la remoci\u00f3n de la procuradora general de la Naci\u00f3n, Alejandra Gils Carb\u00f3, sin necesidad de recurrir al mecanismo del juicio pol\u00edtico con&hellip;<\/p>\n","protected":false},"author":1,"featured_media":32975,"comment_status":"open","ping_status":"open","sticky":false,"template":"","format":"standard","meta":{"footnotes":""},"categories":[20],"tags":[324,23572,27426,27427],"class_list":["post-73138","post","type-post","status-publish","format-standard","has-post-thumbnail","hentry","category-judiciales","tag-constitucion","tag-juez-pablo-cayssials","tag-ley-ministerio-publico","tag-ong-sera-justicia"],"_links":{"self":[{"href":"https:\/\/www.elsindical.com.ar\/notas\/wp-json\/wp\/v2\/posts\/73138","targetHints":{"allow":["GET"]}}],"collection":[{"href":"https:\/\/www.elsindical.com.ar\/notas\/wp-json\/wp\/v2\/posts"}],"about":[{"href":"https:\/\/www.elsindical.com.ar\/notas\/wp-json\/wp\/v2\/types\/post"}],"author":[{"embeddable":true,"href":"https:\/\/www.elsindical.com.ar\/notas\/wp-json\/wp\/v2\/users\/1"}],"replies":[{"embeddable":true,"href":"https:\/\/www.elsindical.com.ar\/notas\/wp-json\/wp\/v2\/comments?post=73138"}],"version-history":[{"count":1,"href":"https:\/\/www.elsindical.com.ar\/notas\/wp-json\/wp\/v2\/posts\/73138\/revisions"}],"predecessor-version":[{"id":73139,"href":"https:\/\/www.elsindical.com.ar\/notas\/wp-json\/wp\/v2\/posts\/73138\/revisions\/73139"}],"wp:featuredmedia":[{"embeddable":true,"href":"https:\/\/www.elsindical.com.ar\/notas\/wp-json\/wp\/v2\/media\/32975"}],"wp:attachment":[{"href":"https:\/\/www.elsindical.com.ar\/notas\/wp-json\/wp\/v2\/media?parent=73138"}],"wp:term":[{"taxonomy":"category","embeddable":true,"href":"https:\/\/www.elsindical.com.ar\/notas\/wp-json\/wp\/v2\/categories?post=73138"},{"taxonomy":"post_tag","embeddable":true,"href":"https:\/\/www.elsindical.com.ar\/notas\/wp-json\/wp\/v2\/tags?post=73138"}],"curies":[{"name":"wp","href":"https:\/\/api.w.org\/{rel}","templated":true}]}}