{"id":73129,"date":"2017-10-20T05:49:55","date_gmt":"2017-10-20T08:49:55","guid":{"rendered":"http:\/\/www.elsindical.com.ar\/notas\/?p=73129"},"modified":"2017-10-20T06:05:01","modified_gmt":"2017-10-20T09:05:01","slug":"efemerides-del-dia-30-de-octubre-4","status":"publish","type":"post","link":"https:\/\/www.elsindical.com.ar\/notas\/efemerides-del-dia-30-de-octubre-4\/","title":{"rendered":"EFEM\u00c9RIDES: DEL D\u00cdA 30 DE OCTUBRE"},"content":{"rendered":"<p><a href=\"http:\/\/www.elsindical.com.ar\/notas\/var\/www\/html\/notas\/wp-content\/uploads\/2017\/10\/efemerides.png\"><img loading=\"lazy\" decoding=\"async\" class=\"alignnone size-medium wp-image-72853\" src=\"http:\/\/www.elsindical.com.ar\/notas\/var\/www\/html\/notas\/wp-content\/uploads\/2017\/10\/efemerides-300x129.png\" alt=\"\" width=\"300\" height=\"129\" srcset=\"https:\/\/www.elsindical.com.ar\/notas\/var\/www\/html\/notas\/wp-content\/uploads\/2017\/10\/efemerides-300x129.png 300w, https:\/\/www.elsindical.com.ar\/notas\/var\/www\/html\/notas\/wp-content\/uploads\/2017\/10\/efemerides-500x214.png 500w, https:\/\/www.elsindical.com.ar\/notas\/var\/www\/html\/notas\/wp-content\/uploads\/2017\/10\/efemerides.png 674w\" sizes=\"auto, (max-width: 300px) 100vw, 300px\" \/><\/a>D\u00eda Mundial de la Osteoporosis<\/p>\n<p>\u2013 D\u00eda del Pediatra<\/p>\n<p>\u2013 D\u00eda Internacional del Chef<\/p>\n<p>1548 \u2013 El capit\u00e1n Alonso de Mendoza funda la ciudad de Nuestra Se\u00f1ora de La Paz, en la actual Bolivia.<\/p>\n<p>1632 \u2013 Nace Sir Christopher Wren, astr\u00f3nomo y el gran arquitecto ingl\u00e9s de su tiempo.<\/p>\n<p>1805 \u2013 Fin de la Batalla de Ulm, el mayor triunfo estrat\u00e9gico-militar de Napole\u00f3n.<\/p>\n<p>1811 \u2013 Montevideo y Buenos Aires firman un armisticio.<\/p>\n<p>1821 \u2013 Muere F\u00e9lix de Azara, marino, ge\u00f3grafo y naturalista espa\u00f1ol.<\/p>\n<p>1827 \u2013 Batalla de Navarino: encuentro decisivo para la finalizaci\u00f3n de las Guerras de la Independencia de Grecia, contra Turqu\u00eda.<\/p>\n<p>1854 \u2013 Nace Arthur Rimbaud, poeta franc\u00e9s.<\/p>\n<p>1874 \u2013 Nace Charles Ives, compositor estadounidense.<\/p>\n<p>1880 \u2013 Tegucigalpa es declarada capital de la Rep\u00fablica de Honduras.<\/p>\n<p>1882 \u2013 Muere Olegario V. Andrade, poeta y periodista argentino.<\/p>\n<p>1883 \u2013 Tratado de Anc\u00f3n (Per\u00fa), que pone fin a la guerra del Pac\u00edfico, de Chile contra Per\u00fa y Bolivia.<\/p>\n<p>1903 \u2013 Nace Irineo Leguisamo, legendario jockey argentino.<\/p>\n<p>1906 \u2013 Se funda el club Central C\u00f3rdoba, de Rosario.<\/p>\n<p>1924 \u2013 Muere el naturalista, antrop\u00f3logo y escritor argentino Clemente Onelli.<\/p>\n<p>1926 \u2013 Cuba sufre uno de los ciclones m\u00e1s catastr\u00f3ficos que registra su historia.<\/p>\n<p>1929 \u2013 Muere Jos\u00e9 Batlle y Ordo\u00f1ez, pol\u00edtico uruguayo.<\/p>\n<p>1935 \u2013 Concluye la \u201clarga marcha\u201d. Tras recorrer 12.000 kil\u00f3metros, las tropas del Ej\u00e9rcito Popular Chino, dirigidas por Mao Tse-tung, se establecen en Shaanxi.<\/p>\n<p>1937 \u2013 Guerra chino-japonesa. El ej\u00e9rcito de Jap\u00f3n entra en Cant\u00f3n.<\/p>\n<p>1939 \u2013 Se suscribe el decreto que establece el himno nacional de Nicaragua.<\/p>\n<p>1950 \u2013 Guerra de Corea<\/p>\n<p>1953 \u2013 Nace Tom Petty, cantautor estadounidense.<\/p>\n<p>1968 \u2013 Boda de Jacqueline Kennedy con Arist\u00f3teles Onassis.<\/p>\n<p>1975 \u2013 Empieza la \u201cMarcha verde\u201d de miles de marroqu\u00edes sobre las posiciones espa\u00f1olas en S\u00e1hara Occidental, para forzar su abandono.<\/p>\n<p>1976 \u2013 Diego Maradona debuta en la Primera Divisi\u00f3n de Argentinos Juniors.<\/p>\n<p>1985 \u2013 Mueren m\u00e1s de 50 personas y unas 100.000 tienen que ser evacuadas en Filipinas, tras el paso del tif\u00f3n \u201cDot\u201d.<\/p>\n<p>1988 \u2013 Un cicl\u00f3n azota Bangladesh y causa 400 muertos y 20.000 damnificados.<\/p>\n<p>1994 \u2013 Muere Burt Lancaster, actor estadounidense.<\/p>\n<p>1996 \u2013 Victoria del liberal Arnoldo Alem\u00e1n en las elecciones presidenciales de Nicaragua.<\/p>\n<p>2010 \u2013 Mariano Ferreyra, militante del Partido Obrero y activista de la FUBA, es asesinado en Argentina en medio deu na movilizai\u00f3n de trabajadores ferroviarios contra la tercerizaci\u00f3n laboral.<\/p>\n<p>2011 \u2013 En Espa\u00f1a la organizaci\u00f3n terrorista vasca ETA anuncia el cese definitivo de su actividad armada.<\/p>\n<p>2011 \u2013 En Libia, el dictador Muamar el Gadafi muere en manos de las fuerzas rebeldes, poniendo fin a la Guerra civil Libia y su dictadura que dur\u00f3 m\u00e1s de 40 a\u00f1os en dicho pa\u00eds.<\/p>\n<p>2014 \u2013 Muere Oscar de la Renta, dise\u00f1ador de modas dominicano.<\/p>\n","protected":false},"excerpt":{"rendered":"<p>D\u00eda Mundial de la Osteoporosis \u2013 D\u00eda del Pediatra \u2013 D\u00eda Internacional del Chef 1548 \u2013 El capit\u00e1n Alonso de Mendoza funda la ciudad de Nuestra Se\u00f1ora de La Paz, en la actual Bolivia. 1632 \u2013 Nace Sir Christopher Wren, astr\u00f3nomo y el gran arquitecto ingl\u00e9s de su tiempo. 1805 \u2013 Fin de la Batalla&hellip;<\/p>\n","protected":false},"author":1,"featured_media":72853,"comment_status":"open","ping_status":"open","sticky":false,"template":"","format":"standard","meta":{"footnotes":""},"categories":[14],"tags":[],"class_list":["post-73129","post","type-post","status-publish","format-standard","has-post-thumbnail","hentry","category-efemerides"],"_links":{"self":[{"href":"https:\/\/www.elsindical.com.ar\/notas\/wp-json\/wp\/v2\/posts\/73129","targetHints":{"allow":["GET"]}}],"collection":[{"href":"https:\/\/www.elsindical.com.ar\/notas\/wp-json\/wp\/v2\/posts"}],"about":[{"href":"https:\/\/www.elsindical.com.ar\/notas\/wp-json\/wp\/v2\/types\/post"}],"author":[{"embeddable":true,"href":"https:\/\/www.elsindical.com.ar\/notas\/wp-json\/wp\/v2\/users\/1"}],"replies":[{"embeddable":true,"href":"https:\/\/www.elsindical.com.ar\/notas\/wp-json\/wp\/v2\/comments?post=73129"}],"version-history":[{"count":2,"href":"https:\/\/www.elsindical.com.ar\/notas\/wp-json\/wp\/v2\/posts\/73129\/revisions"}],"predecessor-version":[{"id":73134,"href":"https:\/\/www.elsindical.com.ar\/notas\/wp-json\/wp\/v2\/posts\/73129\/revisions\/73134"}],"wp:featuredmedia":[{"embeddable":true,"href":"https:\/\/www.elsindical.com.ar\/notas\/wp-json\/wp\/v2\/media\/72853"}],"wp:attachment":[{"href":"https:\/\/www.elsindical.com.ar\/notas\/wp-json\/wp\/v2\/media?parent=73129"}],"wp:term":[{"taxonomy":"category","embeddable":true,"href":"https:\/\/www.elsindical.com.ar\/notas\/wp-json\/wp\/v2\/categories?post=73129"},{"taxonomy":"post_tag","embeddable":true,"href":"https:\/\/www.elsindical.com.ar\/notas\/wp-json\/wp\/v2\/tags?post=73129"}],"curies":[{"name":"wp","href":"https:\/\/api.w.org\/{rel}","templated":true}]}}