{"id":73124,"date":"2017-10-19T15:20:50","date_gmt":"2017-10-19T18:20:50","guid":{"rendered":"http:\/\/www.elsindical.com.ar\/notas\/?p=73124"},"modified":"2017-10-19T15:20:50","modified_gmt":"2017-10-19T18:20:50","slug":"ari-paluch-derrapo-en-sus-conclusiones-del-caso-maldonado","status":"publish","type":"post","link":"https:\/\/www.elsindical.com.ar\/notas\/ari-paluch-derrapo-en-sus-conclusiones-del-caso-maldonado\/","title":{"rendered":"Ari Paluch derrap\u00f3 en sus conclusiones del caso Maldonado"},"content":{"rendered":"<p><a href=\"http:\/\/www.elsindical.com.ar\/notas\/var\/www\/html\/notas\/wp-content\/uploads\/2017\/10\/Ari-Paluch.jpg\"><img loading=\"lazy\" decoding=\"async\" class=\"alignnone size-medium wp-image-73125\" src=\"http:\/\/www.elsindical.com.ar\/notas\/var\/www\/html\/notas\/wp-content\/uploads\/2017\/10\/Ari-Paluch-260x300.jpg\" alt=\"\" width=\"260\" height=\"300\" srcset=\"https:\/\/www.elsindical.com.ar\/notas\/var\/www\/html\/notas\/wp-content\/uploads\/2017\/10\/Ari-Paluch-260x300.jpg 260w, https:\/\/www.elsindical.com.ar\/notas\/var\/www\/html\/notas\/wp-content\/uploads\/2017\/10\/Ari-Paluch.jpg 468w\" sizes=\"auto, (max-width: 260px) 100vw, 260px\" \/><\/a>\u00a0 Por Ari Paluch siempre he guardado un aprecio por su carrera period\u00edstica y su forma de ejercer la profesi\u00f3n, hasta hace un par de a\u00f1os era un hombre medido en sus comentarios y su opini\u00f3n siempre respetuosa de los involucrados en notas pol\u00e9micas, a la par se volvi\u00f3 escritor de libros que podr\u00edamos definir de autoayuda.<\/p>\n<p>Pero en el d\u00eda de ayer cuando se especulaba sobre la aparici\u00f3n del cuerpo sin vida de Santiago Maldonado, comenz\u00f3 a desplegar una serie de teor\u00edas que adem\u00e1s de absurdas, parec\u00edan direccionadas a instalar la idea colectiva de que Maldonado pod\u00eda haberse ahogado solo al querer huir de la represi\u00f3n de la Gendarmer\u00eda Nacional.<\/p>\n<p>Por los dichos de Ari Paluch, en los que incluy\u00f3 chistes de muy mal gusto para un tema tan delicado que no solo divide a la sociedad entre los que culpan al Gobierno Nacional y los que acusan a los Mapuches, inlcuso pod\u00eda y tiene la capacidad de tomar posici\u00f3n sin la necesidad torpe y desagradable de descalificar a Santiago al que por sus dichos lo describe como un bohemio y que por esa condici\u00f3n pod\u00eda haberse metido al r\u00edo aunque no supiera nadar, argumento inv\u00e1lido por el hecho de que nadie a sabiendas se arrojar\u00eda a un r\u00edo sin saber nadar por temor a ser golpeado o detenido.<\/p>\n<p>Si esta teor\u00eda tiene alg\u00fan sustento no deja bien parado a los gendarmes por el hecho de que solo ante el horror un ser humano har\u00eda semejante acto, como los que ante un incendio en el que no pueden salir se arrojan al vac\u00edo.<\/p>\n<p>Pero su intervenci\u00f3n se plag\u00f3 de observaciones innecesarias y de comparaciones que nada tienen que ver con un caso donde se investiga la muerte de una persona, peor a\u00fan si el manejaba la certeza de que se trataba de Santiago en un 99% seg\u00fan sus propias palabras.<\/p>\n<p>No descubro nada diciendo que no es el \u00fanico periodista que pauta mediante acomodan su discurso y nada mejor que reconocidos personajes del medio para influenciar en quienes ingenuamente creen que estos dan otras versiones por ejercer un periodismo independiente.<\/p>\n<p>Lamento mucho esta editorial, porque siempre tuve un concepto bueno de Paluch a\u00fan con las l\u00f3gicas diferencias que existen entre las posiciones de dos personas, pero en esta oportunidad derrap\u00f3 y de una manera que es imposible quedarse con un comentario en las redes, es necesario que qued\u00e9 una constancia de que hay quienes son capaces de tirar por la borda trayectoria y credibilidad por un discurso guionado, porque a varios period\u00edstas se les ve\u00edan los hilos y curiosamente ten\u00edan la misma teor\u00eda disparatada que algunos funcionarios y pol\u00edticos oficialistas agitaban.<\/p>\n<p>Esto no solo alienta a la divisi\u00f3n social, atenta contra la b\u00fasqueda de la verdad, como dice el Indio Solari \u00abviolencia es mentir\u00bb.<\/p>\n<p><a href=\"http:\/\/www.elsindical.com.ar\/notas\/var\/www\/html\/notas\/wp-content\/uploads\/2017\/10\/Ari-PaluchA24.jpg\"><img loading=\"lazy\" decoding=\"async\" class=\"alignnone size-medium wp-image-73126\" src=\"http:\/\/www.elsindical.com.ar\/notas\/var\/www\/html\/notas\/wp-content\/uploads\/2017\/10\/Ari-PaluchA24-300x181.jpg\" alt=\"\" width=\"300\" height=\"181\" srcset=\"https:\/\/www.elsindical.com.ar\/notas\/var\/www\/html\/notas\/wp-content\/uploads\/2017\/10\/Ari-PaluchA24-300x181.jpg 300w, https:\/\/www.elsindical.com.ar\/notas\/var\/www\/html\/notas\/wp-content\/uploads\/2017\/10\/Ari-PaluchA24-496x300.jpg 496w, https:\/\/www.elsindical.com.ar\/notas\/var\/www\/html\/notas\/wp-content\/uploads\/2017\/10\/Ari-PaluchA24.jpg 531w\" sizes=\"auto, (max-width: 300px) 100vw, 300px\" \/><\/a><\/p>\n","protected":false},"excerpt":{"rendered":"<p>\u00a0 Por Ari Paluch siempre he guardado un aprecio por su carrera period\u00edstica y su forma de ejercer la profesi\u00f3n, hasta hace un par de a\u00f1os era un hombre medido en sus comentarios y su opini\u00f3n siempre respetuosa de los involucrados en notas pol\u00e9micas, a la par se volvi\u00f3 escritor de libros que podr\u00edamos definir&hellip;<\/p>\n","protected":false},"author":1,"featured_media":73125,"comment_status":"open","ping_status":"open","sticky":false,"template":"","format":"standard","meta":{"footnotes":""},"categories":[10],"tags":[21126,27424,886,11973,1429,26803],"class_list":["post-73124","post","type-post","status-publish","format-standard","has-post-thumbnail","hentry","category-editorial","tag-a24","tag-ari-paluch","tag-chubut","tag-editorial-2","tag-gendarmeria-nacional","tag-santiago-maldonado"],"_links":{"self":[{"href":"https:\/\/www.elsindical.com.ar\/notas\/wp-json\/wp\/v2\/posts\/73124","targetHints":{"allow":["GET"]}}],"collection":[{"href":"https:\/\/www.elsindical.com.ar\/notas\/wp-json\/wp\/v2\/posts"}],"about":[{"href":"https:\/\/www.elsindical.com.ar\/notas\/wp-json\/wp\/v2\/types\/post"}],"author":[{"embeddable":true,"href":"https:\/\/www.elsindical.com.ar\/notas\/wp-json\/wp\/v2\/users\/1"}],"replies":[{"embeddable":true,"href":"https:\/\/www.elsindical.com.ar\/notas\/wp-json\/wp\/v2\/comments?post=73124"}],"version-history":[{"count":1,"href":"https:\/\/www.elsindical.com.ar\/notas\/wp-json\/wp\/v2\/posts\/73124\/revisions"}],"predecessor-version":[{"id":73127,"href":"https:\/\/www.elsindical.com.ar\/notas\/wp-json\/wp\/v2\/posts\/73124\/revisions\/73127"}],"wp:featuredmedia":[{"embeddable":true,"href":"https:\/\/www.elsindical.com.ar\/notas\/wp-json\/wp\/v2\/media\/73125"}],"wp:attachment":[{"href":"https:\/\/www.elsindical.com.ar\/notas\/wp-json\/wp\/v2\/media?parent=73124"}],"wp:term":[{"taxonomy":"category","embeddable":true,"href":"https:\/\/www.elsindical.com.ar\/notas\/wp-json\/wp\/v2\/categories?post=73124"},{"taxonomy":"post_tag","embeddable":true,"href":"https:\/\/www.elsindical.com.ar\/notas\/wp-json\/wp\/v2\/tags?post=73124"}],"curies":[{"name":"wp","href":"https:\/\/api.w.org\/{rel}","templated":true}]}}