{"id":73121,"date":"2017-10-19T14:38:23","date_gmt":"2017-10-19T17:38:23","guid":{"rendered":"http:\/\/www.elsindical.com.ar\/notas\/?p=73121"},"modified":"2017-10-19T14:38:23","modified_gmt":"2017-10-19T17:38:23","slug":"se-busca-el-paradero-de-lucia","status":"publish","type":"post","link":"https:\/\/www.elsindical.com.ar\/notas\/se-busca-el-paradero-de-lucia\/","title":{"rendered":"Se busca el paradero de Luc\u00eda"},"content":{"rendered":"<p><a href=\"http:\/\/distritalavellaneda.com.ar\/wp-content\/uploads\/2017\/10\/WhatsApp-Image-2017-10-19-at-13.07.30.jpeg\"><img loading=\"lazy\" decoding=\"async\" class=\"alignnone size-medium wp-image-15812\" src=\"http:\/\/distritalavellaneda.com.ar\/wp-content\/uploads\/2017\/10\/WhatsApp-Image-2017-10-19-at-13.07.30-300x169.jpeg\" alt=\"\" width=\"300\" height=\"169\" \/><\/a><\/p>\n<p>Luc\u00eda Elizabeth Sartini M\u00e1s, de 13 a\u00f1os de edad, nacida el 18\/11\/2003, 45.239.042, de tez blanca, contextura delgada, de 1,55 mts de altura, 55 kg de peso, ojos color marr\u00f3n, cabellos largos casta\u00f1os, y vest\u00eda al momento de ausentarse, remera gris, pantal\u00f3n de jeans y zapatillas.<\/p>\n<p><a href=\"http:\/\/distritalavellaneda.com.ar\/wp-content\/uploads\/2017\/10\/WhatsApp-Image-2017-10-19-at-13.07.jpg\"><img loading=\"lazy\" decoding=\"async\" class=\"alignnone size-medium wp-image-15813\" src=\"http:\/\/distritalavellaneda.com.ar\/wp-content\/uploads\/2017\/10\/WhatsApp-Image-2017-10-19-at-13.07-300x216.jpg\" alt=\"\" width=\"300\" height=\"216\" \/><\/a><\/p>\n","protected":false},"excerpt":{"rendered":"<p>Luc\u00eda Elizabeth Sartini M\u00e1s, de 13 a\u00f1os de edad, nacida el 18\/11\/2003, 45.239.042, de tez blanca, contextura delgada, de 1,55 mts de altura, 55 kg de peso, ojos color marr\u00f3n, cabellos largos casta\u00f1os, y vest\u00eda al momento de ausentarse, remera gris, pantal\u00f3n de jeans y zapatillas.<\/p>\n","protected":false},"author":1,"featured_media":73122,"comment_status":"open","ping_status":"open","sticky":false,"template":"","format":"standard","meta":{"footnotes":""},"categories":[26],"tags":[2647,27423,223,1812],"class_list":["post-73121","post","type-post","status-publish","format-standard","has-post-thumbnail","hentry","category-solidaridad","tag-busqueda","tag-lucia-elizabeth-sartini-mas","tag-menor","tag-paradero"],"_links":{"self":[{"href":"https:\/\/www.elsindical.com.ar\/notas\/wp-json\/wp\/v2\/posts\/73121","targetHints":{"allow":["GET"]}}],"collection":[{"href":"https:\/\/www.elsindical.com.ar\/notas\/wp-json\/wp\/v2\/posts"}],"about":[{"href":"https:\/\/www.elsindical.com.ar\/notas\/wp-json\/wp\/v2\/types\/post"}],"author":[{"embeddable":true,"href":"https:\/\/www.elsindical.com.ar\/notas\/wp-json\/wp\/v2\/users\/1"}],"replies":[{"embeddable":true,"href":"https:\/\/www.elsindical.com.ar\/notas\/wp-json\/wp\/v2\/comments?post=73121"}],"version-history":[{"count":1,"href":"https:\/\/www.elsindical.com.ar\/notas\/wp-json\/wp\/v2\/posts\/73121\/revisions"}],"predecessor-version":[{"id":73123,"href":"https:\/\/www.elsindical.com.ar\/notas\/wp-json\/wp\/v2\/posts\/73121\/revisions\/73123"}],"wp:featuredmedia":[{"embeddable":true,"href":"https:\/\/www.elsindical.com.ar\/notas\/wp-json\/wp\/v2\/media\/73122"}],"wp:attachment":[{"href":"https:\/\/www.elsindical.com.ar\/notas\/wp-json\/wp\/v2\/media?parent=73121"}],"wp:term":[{"taxonomy":"category","embeddable":true,"href":"https:\/\/www.elsindical.com.ar\/notas\/wp-json\/wp\/v2\/categories?post=73121"},{"taxonomy":"post_tag","embeddable":true,"href":"https:\/\/www.elsindical.com.ar\/notas\/wp-json\/wp\/v2\/tags?post=73121"}],"curies":[{"name":"wp","href":"https:\/\/api.w.org\/{rel}","templated":true}]}}