{"id":73094,"date":"2017-10-19T00:27:04","date_gmt":"2017-10-19T03:27:04","guid":{"rendered":"http:\/\/www.elsindical.com.ar\/notas\/?p=73094"},"modified":"2017-10-19T00:27:04","modified_gmt":"2017-10-19T03:27:04","slug":"lanus-detuvieron-a-joven-que-aparecio-en-los-medios-disfrazado-de-mickey","status":"publish","type":"post","link":"https:\/\/www.elsindical.com.ar\/notas\/lanus-detuvieron-a-joven-que-aparecio-en-los-medios-disfrazado-de-mickey\/","title":{"rendered":"Lan\u00fas: Detuvieron a joven que apareci\u00f3 en los medios disfrazado de Mickey"},"content":{"rendered":"<p><em>\u00a0 <a href=\"http:\/\/www.elsindical.com.ar\/notas\/var\/www\/html\/notas\/wp-content\/uploads\/2017\/10\/delincuente-detenido-Mickey.jpg\"><img loading=\"lazy\" decoding=\"async\" class=\"alignnone size-medium wp-image-73095\" src=\"http:\/\/www.elsindical.com.ar\/notas\/var\/www\/html\/notas\/wp-content\/uploads\/2017\/10\/delincuente-detenido-Mickey-300x200.jpg\" alt=\"\" width=\"300\" height=\"200\" srcset=\"https:\/\/www.elsindical.com.ar\/notas\/var\/www\/html\/notas\/wp-content\/uploads\/2017\/10\/delincuente-detenido-Mickey-300x200.jpg 300w, https:\/\/www.elsindical.com.ar\/notas\/var\/www\/html\/notas\/wp-content\/uploads\/2017\/10\/delincuente-detenido-Mickey-451x300.jpg 451w, https:\/\/www.elsindical.com.ar\/notas\/var\/www\/html\/notas\/wp-content\/uploads\/2017\/10\/delincuente-detenido-Mickey.jpg 640w\" sizes=\"auto, (max-width: 300px) 100vw, 300px\" \/><\/a>Un joven de 23 a\u00f1os -conocido medi\u00e1ticamente en relaci\u00f3n a la causa que investiga el paradero de Claudia Ferro, desaparecida en Villa Luro en diciembre pasado &#8211; fue detenido por efectivos de la Polic\u00eda de la provincia de Buenos Aires en medio de un robo, en Lan\u00fas. El sujeto hab\u00eda aparecido ante los medios que cubr\u00edan la desaparici\u00f3n de la mujer, vestido de Mickey. Justamente, hizo declaraciones en lugar de un \u201cocupa\u201d de la vivienda de la mujer desaparecida.<\/em><\/p>\n<p>El joven al momento de ser detenido en Lan\u00fas estaba acompa\u00f1ado por una mujer que tambi\u00e9n qued\u00f3 tras las rejas.<\/p>\n<p>La aprehensi\u00f3n fue realizada por efectivos de la comisar\u00eda 2da de Lan\u00fas, quienes tras un llamado al 911 se comisionaron en un domicilio de calle Juncal al 1100 de Lan\u00fas Oeste, donde un grupo de personas intent\u00f3 robar la vivienda lindante y propin\u00f3 golpes y amenazas a sus moradores (incluso con la presencia policial).<\/p>\n<p>Inmediatamente los uniformados identificaron a los sospechosos para posteriormente reducirlos. Se les incaut\u00f3 un celular que el denunciante manifest\u00f3 que era de su propiedad.<\/p>\n<p>El sujeto y su acompa\u00f1ante de 22 a\u00f1os fueron puestos a disposici\u00f3n de la UFI N\u00b01 Descentralizada de Lan\u00fas, a cargo de la fiscal Carla Musitani.<\/p>\n","protected":false},"excerpt":{"rendered":"<p>\u00a0 Un joven de 23 a\u00f1os -conocido medi\u00e1ticamente en relaci\u00f3n a la causa que investiga el paradero de Claudia Ferro, desaparecida en Villa Luro en diciembre pasado &#8211; fue detenido por efectivos de la Polic\u00eda de la provincia de Buenos Aires en medio de un robo, en Lan\u00fas. El sujeto hab\u00eda aparecido ante los medios&hellip;<\/p>\n","protected":false},"author":1,"featured_media":73095,"comment_status":"open","ping_status":"open","sticky":false,"template":"","format":"standard","meta":{"footnotes":""},"categories":[22],"tags":[614,209,27414,3491],"class_list":["post-73094","post","type-post","status-publish","format-standard","has-post-thumbnail","hentry","category-policiales","tag-614","tag-lanus","tag-mickey","tag-villa-luro"],"_links":{"self":[{"href":"https:\/\/www.elsindical.com.ar\/notas\/wp-json\/wp\/v2\/posts\/73094","targetHints":{"allow":["GET"]}}],"collection":[{"href":"https:\/\/www.elsindical.com.ar\/notas\/wp-json\/wp\/v2\/posts"}],"about":[{"href":"https:\/\/www.elsindical.com.ar\/notas\/wp-json\/wp\/v2\/types\/post"}],"author":[{"embeddable":true,"href":"https:\/\/www.elsindical.com.ar\/notas\/wp-json\/wp\/v2\/users\/1"}],"replies":[{"embeddable":true,"href":"https:\/\/www.elsindical.com.ar\/notas\/wp-json\/wp\/v2\/comments?post=73094"}],"version-history":[{"count":1,"href":"https:\/\/www.elsindical.com.ar\/notas\/wp-json\/wp\/v2\/posts\/73094\/revisions"}],"predecessor-version":[{"id":73096,"href":"https:\/\/www.elsindical.com.ar\/notas\/wp-json\/wp\/v2\/posts\/73094\/revisions\/73096"}],"wp:featuredmedia":[{"embeddable":true,"href":"https:\/\/www.elsindical.com.ar\/notas\/wp-json\/wp\/v2\/media\/73095"}],"wp:attachment":[{"href":"https:\/\/www.elsindical.com.ar\/notas\/wp-json\/wp\/v2\/media?parent=73094"}],"wp:term":[{"taxonomy":"category","embeddable":true,"href":"https:\/\/www.elsindical.com.ar\/notas\/wp-json\/wp\/v2\/categories?post=73094"},{"taxonomy":"post_tag","embeddable":true,"href":"https:\/\/www.elsindical.com.ar\/notas\/wp-json\/wp\/v2\/tags?post=73094"}],"curies":[{"name":"wp","href":"https:\/\/api.w.org\/{rel}","templated":true}]}}