{"id":73011,"date":"2017-10-16T17:18:28","date_gmt":"2017-10-16T20:18:28","guid":{"rendered":"http:\/\/www.elsindical.com.ar\/notas\/?p=73011"},"modified":"2017-10-16T17:18:28","modified_gmt":"2017-10-16T20:18:28","slug":"cidh-convoca-para-participar-en-consulta-publica-sobre-la-unidad-tematica-personas-mayores","status":"publish","type":"post","link":"https:\/\/www.elsindical.com.ar\/notas\/cidh-convoca-para-participar-en-consulta-publica-sobre-la-unidad-tematica-personas-mayores\/","title":{"rendered":"CIDH convoca para participar en consulta p\u00fablica sobre la Unidad Tem\u00e1tica Personas Mayores"},"content":{"rendered":"<p><em>\u00a0 <a href=\"http:\/\/www.elsindical.com.ar\/notas\/var\/www\/html\/notas\/wp-content\/uploads\/2017\/10\/consultas-p\u00fablicas-Montevideo.png\"><img loading=\"lazy\" decoding=\"async\" class=\"alignnone size-medium wp-image-73012\" src=\"http:\/\/www.elsindical.com.ar\/notas\/var\/www\/html\/notas\/wp-content\/uploads\/2017\/10\/consultas-p\u00fablicas-Montevideo-186x300.png\" alt=\"\" width=\"186\" height=\"300\" srcset=\"https:\/\/www.elsindical.com.ar\/notas\/var\/www\/html\/notas\/wp-content\/uploads\/2017\/10\/consultas-p\u00fablicas-Montevideo-186x300.png 186w, https:\/\/www.elsindical.com.ar\/notas\/var\/www\/html\/notas\/wp-content\/uploads\/2017\/10\/consultas-p\u00fablicas-Montevideo.png 500w\" sizes=\"auto, (max-width: 186px) 100vw, 186px\" \/><\/a>La Comisi\u00f3n Interamericana de Derechos Humanos (CIDH) convoca a organizaciones de la sociedad civil, Estados y dem\u00e1s usuarios del Sistema Interamericano de Derechos Humanos a participar en consulta p\u00fablica sobre la Unidad Tem\u00e1tica Personas Mayores, que se realizar\u00e1 el 24 de octubre del 2017, en Montevideo, Uruguay.<\/em><\/p>\n<p>El objetivo principal de la consulta es recibir sugerencias sobre las l\u00edneas prioritarias de acci\u00f3n con miras a elaborar el plan de trabajo de la Unidad Tem\u00e1tica para el periodo 2018-2019. La metodolog\u00eda y programa de la consulta est\u00e1n disponibles en este <a href=\"http:\/\/www.oas.org\/es\/cidh\/docs\/pdfs\/2017\/Consulta-UnidadPersonasMayores.pdf\" target=\"_blank\" rel=\"noopener\">enlace<\/a>. Las personas interesadas en participar deber\u00e1n inscribirse previamente en el evento hasta el 17 de octubre de 2017, enviando un correo a <a href=\"mailto:CIDHTematico@oas.org\">CIDHTematico@oas.org<\/a> con su nombre y la instituci\u00f3n que representan.<\/p>\n<p>A partir de una mesa inicial de diagn\u00f3stico en la regi\u00f3n, se espera que los ponentes de la mesa aborden temas como la discriminaci\u00f3n por motivos de edad y discriminaci\u00f3n interseccional, personas de edad como un grupo en situaci\u00f3n de vulnerabilidad, incluyendo pobreza, exclusi\u00f3n social y otros, derechos de las personas de edad con \u00e9nfasis en derecho a la salud, empleo y pensiones, leyes, programas y mecanismos de protecci\u00f3n de los derechos de las personas mayores, y el rol de las empresas y el sector privado en la garant\u00eda de los derechos humanos de las personas mayores.<\/p>\n<p>La consulta p\u00fablica da continuidad al proceso participativo de construcci\u00f3n del Plan Estrat\u00e9gico CIDH 2017-2021, con el reto de profundizar el debate sobre el plan de trabajo de la Unidad Tem\u00e1tica en su periodo inicial y promover acciones efectivas, relevantes y oportunas por parte de la CIDH en la regi\u00f3n.<\/p>\n<p>Los gastos para la participaci\u00f3n presencial en la consulta p\u00fablica deber\u00e1n ser financiados por la propia organizaci\u00f3n o persona interesada en participar.<\/p>\n<p>La CIDH es un \u00f3rgano principal y aut\u00f3nomo de la Organizaci\u00f3n de los Estados Americanos (OEA), cuyo mandato surge de la Carta de la OEA y de la Convenci\u00f3n Americana sobre Derechos Humanos. La Comisi\u00f3n Interamericana tiene el mandato de promover la observancia y la defensa de los derechos humanos en la regi\u00f3n y act\u00faa como \u00f3rgano consultivo de la OEA en la materia. La CIDH est\u00e1 integrada por siete miembros independientes que son elegidos por la Asamblea General de la OEA a t\u00edtulo personal, y no representan sus pa\u00edses de origen o residencia.<\/p>\n","protected":false},"excerpt":{"rendered":"<p>\u00a0 La Comisi\u00f3n Interamericana de Derechos Humanos (CIDH) convoca a organizaciones de la sociedad civil, Estados y dem\u00e1s usuarios del Sistema Interamericano de Derechos Humanos a participar en consulta p\u00fablica sobre la Unidad Tem\u00e1tica Personas Mayores, que se realizar\u00e1 el 24 de octubre del 2017, en Montevideo, Uruguay. El objetivo principal de la consulta es&hellip;<\/p>\n","protected":false},"author":1,"featured_media":73012,"comment_status":"open","ping_status":"open","sticky":false,"template":"","format":"standard","meta":{"footnotes":""},"categories":[8],"tags":[24336,5139,4692,27390],"class_list":["post-73011","post","type-post","status-publish","format-standard","has-post-thumbnail","hentry","category-derechos-humanos","tag-audiencias-publicas","tag-cidh","tag-montevideo","tag-personas-mayores"],"_links":{"self":[{"href":"https:\/\/www.elsindical.com.ar\/notas\/wp-json\/wp\/v2\/posts\/73011","targetHints":{"allow":["GET"]}}],"collection":[{"href":"https:\/\/www.elsindical.com.ar\/notas\/wp-json\/wp\/v2\/posts"}],"about":[{"href":"https:\/\/www.elsindical.com.ar\/notas\/wp-json\/wp\/v2\/types\/post"}],"author":[{"embeddable":true,"href":"https:\/\/www.elsindical.com.ar\/notas\/wp-json\/wp\/v2\/users\/1"}],"replies":[{"embeddable":true,"href":"https:\/\/www.elsindical.com.ar\/notas\/wp-json\/wp\/v2\/comments?post=73011"}],"version-history":[{"count":1,"href":"https:\/\/www.elsindical.com.ar\/notas\/wp-json\/wp\/v2\/posts\/73011\/revisions"}],"predecessor-version":[{"id":73013,"href":"https:\/\/www.elsindical.com.ar\/notas\/wp-json\/wp\/v2\/posts\/73011\/revisions\/73013"}],"wp:featuredmedia":[{"embeddable":true,"href":"https:\/\/www.elsindical.com.ar\/notas\/wp-json\/wp\/v2\/media\/73012"}],"wp:attachment":[{"href":"https:\/\/www.elsindical.com.ar\/notas\/wp-json\/wp\/v2\/media?parent=73011"}],"wp:term":[{"taxonomy":"category","embeddable":true,"href":"https:\/\/www.elsindical.com.ar\/notas\/wp-json\/wp\/v2\/categories?post=73011"},{"taxonomy":"post_tag","embeddable":true,"href":"https:\/\/www.elsindical.com.ar\/notas\/wp-json\/wp\/v2\/tags?post=73011"}],"curies":[{"name":"wp","href":"https:\/\/api.w.org\/{rel}","templated":true}]}}