{"id":7301,"date":"2010-06-13T18:43:07","date_gmt":"2010-06-13T21:43:07","guid":{"rendered":"http:\/\/www.elsindical.com.ar\/notas\/?p=7301"},"modified":"2010-06-13T18:43:19","modified_gmt":"2010-06-13T21:43:19","slug":"de-narvaez-acuso-a-mauricio-macri-de-bipolar","status":"publish","type":"post","link":"https:\/\/www.elsindical.com.ar\/notas\/de-narvaez-acuso-a-mauricio-macri-de-bipolar\/","title":{"rendered":"De Narv\u00e1ez acus\u00f3 a Mauricio Macri de \u00abBipolar\u00bb"},"content":{"rendered":"<p style=\"text-align: justify;\"><em><a href=\"http:\/\/www.elsindical.com.ar\/notas\/var\/www\/html\/notas\/wp-content\/uploads\/2010\/06\/De-Narv\u00e1ez-y-Macri.jpg\"><img loading=\"lazy\" decoding=\"async\" class=\"alignleft size-full wp-image-7302\" title=\"De-Narv\u00e1ez-y-Macri\" src=\"http:\/\/www.elsindical.com.ar\/notas\/var\/www\/html\/notas\/wp-content\/uploads\/2010\/06\/De-Narv\u00e1ez-y-Macri.jpg\" alt=\"\" width=\"295\" height=\"180\" \/><\/a>Acus\u00f3 al jefe porte\u00f1o de \u00abusar\u00bb al PJ con fines electorales, dedicando <strong>t\u00e9rminos duros<\/strong> a con qui\u00e9n hace un a\u00f1o se abrazaba en campa\u00f1a.<\/em><\/p>\n<p style=\"text-align: justify;\">El diputado del peronismo disidente Francisco De Narv\u00e1ez embisti\u00f3 hoy duramente contra su ex socio electoral y jefe de gobierno de la Ciudad, Mauricio Macri, al calificarlo de \u00abbipolar\u00bb y \u00abderechoso\u00bb y de querer \u00abusar\u00bb al peronismo con fines electorales. De Narv\u00e1ez afirm\u00f3 que \u00aben el PRO hay dos posturas, hay una que dice que con el peronismo se puede tener una buena relaci\u00f3n, y otra, en la que parece que le molestan los pobres en la Argentina, una visi\u00f3n de que todo pasa por el mercado, por el tipo de cambio y por c\u00f3mo nos insertamos en el mundo\u00bb.<\/p>\n<p style=\"text-align: justify;\">Por tanto, el dirigente bonaerense consider\u00f3 que \u00abMacri es bipolar\u00bb ya que \u00aba veces va para un lado, a veces va para el otro\u00bb y advirti\u00f3 que \u00abmientras se quede recostado en un camino de extremo neoliberalismo, dir\u00eda que no tendr\u00e1n lugar (los candidatos del PRO) en este espacio\u00bb del peronismo no oficialista.<\/p>\n<p>De Narv\u00e1ez insisti\u00f3, en di\u00e1logo con Radio 10, en que \u00abesta visi\u00f3n derechosa de la pol\u00edtica es la que resiste el peronismo, y con raz\u00f3n\u00bb y critic\u00f3 que \u00abel macrismo mide al peronismo como &#8216;no los queremos pero los necesitamos'\u00bb, con fines electorales.<br \/>\n\u00abMacri es un dirigente muy importante y tiene que definir si el peronismo es parte de su proyecto o si lo quiere usar con fines electorales\u00bb, desafi\u00f3.<\/p>\n<p style=\"text-align: justify;\">Por otra parte, insisti\u00f3 en que tiene \u00abuna preferencia por representar a la provincia de Buenos Aires\u00bb como gobernador, en lugar de postularse a la presidencia, aunque advirti\u00f3 que las candidaturas se definir\u00e1n \u00aba comienzos del 2011\u00bb. Al respecto, condicion\u00f3 su participaci\u00f3n en las internas del PJ, al se\u00f1alar que \u00absi es un entramado imposible de resolver y el kirchnerismo vuelve a usar sus malas pr\u00e1cticas, la alternativa es hacer nuestra propia interna\u00bb.<\/p>\n<p style=\"text-align: justify;\">Asimismo, se\u00f1al\u00f3 que \u00abno lo es\u00bb el ex presidente Eduardo Duhalde el mejor posicionado en el peronismo opositor, ya que su socio pol\u00edtico, Carlos Reutemann, \u00abtiene una preferencia sin dudas muy importante cuando se mide bien todo el pa\u00eds, no solamente la provincia de Buenos Aires\u00bb. \u00abDuhalde ha mejorado, pero est\u00e1 tercero o cuarto en la preferencias de la gente\u00bb, sostuvo.<br \/>\nAdem\u00e1s, dijo entender la negativa de la esposa de Duhalde, la senadora Hilda \u00abChiche\u00bb Duhalde, a acompa\u00f1arlo en una posible f\u00f3rmula bonaerense, al considerar que \u00absi est\u00e1 Eduardo en la carrera presidencial es muy dif\u00edcil que pueda estar ella en un cargo electoral\u00bb.<\/p>\n<p style=\"text-align: justify;\">Fuente: Dyn<\/p>\n","protected":false},"excerpt":{"rendered":"<p>Acus\u00f3 al jefe porte\u00f1o de \u00abusar\u00bb al PJ con fines electorales, dedicando t\u00e9rminos duros a con qui\u00e9n hace un a\u00f1o se abrazaba en campa\u00f1a. El diputado del peronismo disidente Francisco De Narv\u00e1ez embisti\u00f3 hoy duramente contra su ex socio electoral y jefe de gobierno de la Ciudad, Mauricio Macri, al calificarlo de \u00abbipolar\u00bb y \u00abderechoso\u00bb&hellip;<\/p>\n","protected":false},"author":1,"featured_media":0,"comment_status":"open","ping_status":"open","sticky":false,"template":"","format":"standard","meta":{"footnotes":""},"categories":[13],"tags":[3669,3668,76],"class_list":["post-7301","post","type-post","status-publish","format-standard","hentry","category-politica","tag-bipolar","tag-francisco-de-narvaez","tag-mauricio-macri"],"_links":{"self":[{"href":"https:\/\/www.elsindical.com.ar\/notas\/wp-json\/wp\/v2\/posts\/7301","targetHints":{"allow":["GET"]}}],"collection":[{"href":"https:\/\/www.elsindical.com.ar\/notas\/wp-json\/wp\/v2\/posts"}],"about":[{"href":"https:\/\/www.elsindical.com.ar\/notas\/wp-json\/wp\/v2\/types\/post"}],"author":[{"embeddable":true,"href":"https:\/\/www.elsindical.com.ar\/notas\/wp-json\/wp\/v2\/users\/1"}],"replies":[{"embeddable":true,"href":"https:\/\/www.elsindical.com.ar\/notas\/wp-json\/wp\/v2\/comments?post=7301"}],"version-history":[{"count":2,"href":"https:\/\/www.elsindical.com.ar\/notas\/wp-json\/wp\/v2\/posts\/7301\/revisions"}],"predecessor-version":[{"id":7304,"href":"https:\/\/www.elsindical.com.ar\/notas\/wp-json\/wp\/v2\/posts\/7301\/revisions\/7304"}],"wp:attachment":[{"href":"https:\/\/www.elsindical.com.ar\/notas\/wp-json\/wp\/v2\/media?parent=7301"}],"wp:term":[{"taxonomy":"category","embeddable":true,"href":"https:\/\/www.elsindical.com.ar\/notas\/wp-json\/wp\/v2\/categories?post=7301"},{"taxonomy":"post_tag","embeddable":true,"href":"https:\/\/www.elsindical.com.ar\/notas\/wp-json\/wp\/v2\/tags?post=7301"}],"curies":[{"name":"wp","href":"https:\/\/api.w.org\/{rel}","templated":true}]}}