{"id":72964,"date":"2017-10-15T01:13:05","date_gmt":"2017-10-15T04:13:05","guid":{"rendered":"http:\/\/www.elsindical.com.ar\/notas\/?p=72964"},"modified":"2017-10-15T01:28:36","modified_gmt":"2017-10-15T04:28:36","slug":"jovenes-ensenadenses-de-viaje-de-egresado-a-las-islas-malvinas","status":"publish","type":"post","link":"https:\/\/www.elsindical.com.ar\/notas\/jovenes-ensenadenses-de-viaje-de-egresado-a-las-islas-malvinas\/","title":{"rendered":"J\u00f3venes ensenadenses de viaje de egresado a las Islas Malvinas"},"content":{"rendered":"<p><em>\u00a0 <a href=\"http:\/\/www.elsindical.com.ar\/notas\/var\/www\/html\/notas\/wp-content\/uploads\/2017\/10\/Colegio-Nuestra-Se\u00f1ora-de-la-Merced.jpg\"><img loading=\"lazy\" decoding=\"async\" class=\"alignnone size-medium wp-image-72965\" src=\"http:\/\/www.elsindical.com.ar\/notas\/var\/www\/html\/notas\/wp-content\/uploads\/2017\/10\/Colegio-Nuestra-Se\u00f1ora-de-la-Merced-300x179.jpg\" alt=\"\" width=\"300\" height=\"179\" srcset=\"https:\/\/www.elsindical.com.ar\/notas\/var\/www\/html\/notas\/wp-content\/uploads\/2017\/10\/Colegio-Nuestra-Se\u00f1ora-de-la-Merced-300x179.jpg 300w, https:\/\/www.elsindical.com.ar\/notas\/var\/www\/html\/notas\/wp-content\/uploads\/2017\/10\/Colegio-Nuestra-Se\u00f1ora-de-la-Merced-500x298.jpg 500w, https:\/\/www.elsindical.com.ar\/notas\/var\/www\/html\/notas\/wp-content\/uploads\/2017\/10\/Colegio-Nuestra-Se\u00f1ora-de-la-Merced.jpg 620w\" sizes=\"auto, (max-width: 300px) 100vw, 300px\" \/><\/a>Un grupo de adolescentes de una escuela de Ensenada, decidieron realizar all\u00ed su viaje de fin de curso. La idea surgi\u00f3 luego de una visita de los veteranos de guerra a la instituci\u00f3n en la que brindaron una charla.<\/em><\/p>\n<p>La promoci\u00f3n de sexto a\u00f1o del Colegio Nuestra Se\u00f1ora de la Merced de la localidad de Ensenada, Buenos Aires, decidi\u00f3 viajar a las Islas Malvinas como su destino de fin de curso.<\/p>\n<p>Alrededor de 18 estudiantes realizar\u00e1n el viaje acompa\u00f1ados por la directora del colegio Ana Yeco, y otra docente, referente del proyecto; y la coordinadora de Pastoral del Colegio, Karina Seibane. Los j\u00f3venes tambi\u00e9n estar\u00e1n acompa\u00f1ados por tres veteranos de la guerra de 1982 de la \u201cCasa del Ex Soldado Combatiente de Malvinas\u201d.<\/p>\n<p>La idea surgi\u00f3 luego de una visita de los veteranos de guerra a la instituci\u00f3n en la que brindaron una charla. Y hace dos a\u00f1os que vienen trabajando para recaudar los fondos para el viaje.<\/p>\n<p>El grupo de j\u00f3venes parti\u00f3 este viernes por la noche desde Aeroparque y llegaran a las islas luego de una escala en R\u00edo Gallegos. El viaje durar\u00e1 una semana y tienen previsto que los veteranos cuenten sus experiencias en el mismo lugar.<\/p>\n<p>Una vez en las Islas Malvinas los j\u00f3venes realizaran un homenaje a tres isle\u00f1os civiles y que murieron a causa de un bombardeo brit\u00e1nico. Para el homenaje llevan como ofrenda una rosa construida por un orfebre.<\/p>\n<p>&nbsp;<\/p>\n","protected":false},"excerpt":{"rendered":"<p>\u00a0 Un grupo de adolescentes de una escuela de Ensenada, decidieron realizar all\u00ed su viaje de fin de curso. La idea surgi\u00f3 luego de una visita de los veteranos de guerra a la instituci\u00f3n en la que brindaron una charla. La promoci\u00f3n de sexto a\u00f1o del Colegio Nuestra Se\u00f1ora de la Merced de la localidad&hellip;<\/p>\n","protected":false},"author":1,"featured_media":72965,"comment_status":"open","ping_status":"open","sticky":false,"template":"","format":"standard","meta":{"footnotes":""},"categories":[25],"tags":[27372,12409,4336,27373],"class_list":["post-72964","post","type-post","status-publish","format-standard","has-post-thumbnail","hentry","category-sociedad","tag-colegio-nuestra-senora-de-la-merced","tag-ensenada","tag-malvinas-argentinas","tag-viaje-de-egresados"],"_links":{"self":[{"href":"https:\/\/www.elsindical.com.ar\/notas\/wp-json\/wp\/v2\/posts\/72964","targetHints":{"allow":["GET"]}}],"collection":[{"href":"https:\/\/www.elsindical.com.ar\/notas\/wp-json\/wp\/v2\/posts"}],"about":[{"href":"https:\/\/www.elsindical.com.ar\/notas\/wp-json\/wp\/v2\/types\/post"}],"author":[{"embeddable":true,"href":"https:\/\/www.elsindical.com.ar\/notas\/wp-json\/wp\/v2\/users\/1"}],"replies":[{"embeddable":true,"href":"https:\/\/www.elsindical.com.ar\/notas\/wp-json\/wp\/v2\/comments?post=72964"}],"version-history":[{"count":1,"href":"https:\/\/www.elsindical.com.ar\/notas\/wp-json\/wp\/v2\/posts\/72964\/revisions"}],"predecessor-version":[{"id":72966,"href":"https:\/\/www.elsindical.com.ar\/notas\/wp-json\/wp\/v2\/posts\/72964\/revisions\/72966"}],"wp:featuredmedia":[{"embeddable":true,"href":"https:\/\/www.elsindical.com.ar\/notas\/wp-json\/wp\/v2\/media\/72965"}],"wp:attachment":[{"href":"https:\/\/www.elsindical.com.ar\/notas\/wp-json\/wp\/v2\/media?parent=72964"}],"wp:term":[{"taxonomy":"category","embeddable":true,"href":"https:\/\/www.elsindical.com.ar\/notas\/wp-json\/wp\/v2\/categories?post=72964"},{"taxonomy":"post_tag","embeddable":true,"href":"https:\/\/www.elsindical.com.ar\/notas\/wp-json\/wp\/v2\/tags?post=72964"}],"curies":[{"name":"wp","href":"https:\/\/api.w.org\/{rel}","templated":true}]}}