{"id":72961,"date":"2017-10-15T01:05:11","date_gmt":"2017-10-15T04:05:11","guid":{"rendered":"http:\/\/www.elsindical.com.ar\/notas\/?p=72961"},"modified":"2017-10-15T01:26:36","modified_gmt":"2017-10-15T04:26:36","slug":"la-primera-fabrica-recuperada-del-pais-cierra-debido-a-los-tarifazos","status":"publish","type":"post","link":"https:\/\/www.elsindical.com.ar\/notas\/la-primera-fabrica-recuperada-del-pais-cierra-debido-a-los-tarifazos\/","title":{"rendered":"La primera f\u00e1brica recuperada del pa\u00eds cierra debido a los tarifazos"},"content":{"rendered":"<p><em>\u00a0 <a href=\"http:\/\/www.elsindical.com.ar\/notas\/var\/www\/html\/notas\/wp-content\/uploads\/2017\/10\/Cooperativa-Industrial-Textil-Argentina.jpg\"><img loading=\"lazy\" decoding=\"async\" class=\"alignnone size-medium wp-image-72962\" src=\"http:\/\/www.elsindical.com.ar\/notas\/var\/www\/html\/notas\/wp-content\/uploads\/2017\/10\/Cooperativa-Industrial-Textil-Argentina-300x179.jpg\" alt=\"\" width=\"300\" height=\"179\" srcset=\"https:\/\/www.elsindical.com.ar\/notas\/var\/www\/html\/notas\/wp-content\/uploads\/2017\/10\/Cooperativa-Industrial-Textil-Argentina-300x179.jpg 300w, https:\/\/www.elsindical.com.ar\/notas\/var\/www\/html\/notas\/wp-content\/uploads\/2017\/10\/Cooperativa-Industrial-Textil-Argentina-500x298.jpg 500w, https:\/\/www.elsindical.com.ar\/notas\/var\/www\/html\/notas\/wp-content\/uploads\/2017\/10\/Cooperativa-Industrial-Textil-Argentina.jpg 620w\" sizes=\"auto, (max-width: 300px) 100vw, 300px\" \/><\/a>Desde la cooperativa textil platense CITA, decidieron parar de producir ante los tarifazos. Han reducido su n\u00famero de trabajadores. Pero a\u00fan luchas por seguir con su proyecto.<\/em><\/p>\n<p>La Cooperativa Industrial Textil Argentina (CITA), ubicada en la ciudad de La Plata, es la primera f\u00e1brica recuperada del pa\u00eds, que funciona desde 1952 a partir del aporte de 600 trabajadores que compraron la planta.<\/p>\n<p>Pese a que pudieron hacerle frente a diferentes crisis econ\u00f3micas que desfavorecieron al sector, hoy la Cooperativa ha dejado de producir.<\/p>\n<p>El presidente de la Cooperativa, Sergio Yosko, en di\u00e1logo con FM Cielo cont\u00f3 que han recibido una boleta de luz de 30 mil pesos, solo para la iluminaci\u00f3n de la planta, ya que han decidido dejar de hacer funcionar las m\u00e1quinas debido a la deuda que ten\u00edan con el servicio.<\/p>\n<p>\u201cUna empresa textil tan grande como esta necesita una energ\u00eda importante para hacer funcionar las maquinas. Hace m\u00e1s de veinte d\u00edas que esta sin luz\u201d, dijo, Yosko, desde las puertas de la f\u00e1brica ubicada en calle 115 y 62.<\/p>\n<p>El titular explic\u00f3 que debido a un \u201cpar de boletas impagas\u201d, la deuda se fue acumulando desde hace tres meses, llevando a la angustiante decisi\u00f3n de tener que parar la producci\u00f3n.<\/p>\n<p>La empresa textil lleg\u00f3 a una producci\u00f3n mensual de m\u00e1s de un mill\u00f3n de metros de tela, pudiendo as\u00ed expandir su producci\u00f3n a los alrededores de su ciudad, La Plata.<\/p>\n<p>En cuanto a los niveles de producci\u00f3n, seg\u00fan sus propios cooperativistas, redujeron m\u00e1s de 50 mil metros de tela mensual a partir de la imposibilidad de pagar los tarifazos de luz y gas.<\/p>\n<p>Frente a esta realidad CITA tambi\u00e9n se vio afectada en el n\u00famero de sus trabajadores. Pasaron de 70 a 30 en par de semanas.<\/p>\n<p>Para dar a conocer esta realidad, sus trabajadores grabaron un video, ayudados por un grupo de cineastas de La Plata, en la cual mostraron la par\u00e1lisis en la f\u00e1brica y dieron a conocer sus testimonios personales.<\/p>\n","protected":false},"excerpt":{"rendered":"<p>\u00a0 Desde la cooperativa textil platense CITA, decidieron parar de producir ante los tarifazos. Han reducido su n\u00famero de trabajadores. Pero a\u00fan luchas por seguir con su proyecto. La Cooperativa Industrial Textil Argentina (CITA), ubicada en la ciudad de La Plata, es la primera f\u00e1brica recuperada del pa\u00eds, que funciona desde 1952 a partir del&hellip;<\/p>\n","protected":false},"author":1,"featured_media":72962,"comment_status":"open","ping_status":"open","sticky":false,"template":"","format":"standard","meta":{"footnotes":""},"categories":[9],"tags":[7204,22023,239],"class_list":["post-72961","post","type-post","status-publish","format-standard","has-post-thumbnail","hentry","category-economia","tag-cita","tag-economia","tag-la-plata"],"_links":{"self":[{"href":"https:\/\/www.elsindical.com.ar\/notas\/wp-json\/wp\/v2\/posts\/72961","targetHints":{"allow":["GET"]}}],"collection":[{"href":"https:\/\/www.elsindical.com.ar\/notas\/wp-json\/wp\/v2\/posts"}],"about":[{"href":"https:\/\/www.elsindical.com.ar\/notas\/wp-json\/wp\/v2\/types\/post"}],"author":[{"embeddable":true,"href":"https:\/\/www.elsindical.com.ar\/notas\/wp-json\/wp\/v2\/users\/1"}],"replies":[{"embeddable":true,"href":"https:\/\/www.elsindical.com.ar\/notas\/wp-json\/wp\/v2\/comments?post=72961"}],"version-history":[{"count":1,"href":"https:\/\/www.elsindical.com.ar\/notas\/wp-json\/wp\/v2\/posts\/72961\/revisions"}],"predecessor-version":[{"id":72963,"href":"https:\/\/www.elsindical.com.ar\/notas\/wp-json\/wp\/v2\/posts\/72961\/revisions\/72963"}],"wp:featuredmedia":[{"embeddable":true,"href":"https:\/\/www.elsindical.com.ar\/notas\/wp-json\/wp\/v2\/media\/72962"}],"wp:attachment":[{"href":"https:\/\/www.elsindical.com.ar\/notas\/wp-json\/wp\/v2\/media?parent=72961"}],"wp:term":[{"taxonomy":"category","embeddable":true,"href":"https:\/\/www.elsindical.com.ar\/notas\/wp-json\/wp\/v2\/categories?post=72961"},{"taxonomy":"post_tag","embeddable":true,"href":"https:\/\/www.elsindical.com.ar\/notas\/wp-json\/wp\/v2\/tags?post=72961"}],"curies":[{"name":"wp","href":"https:\/\/api.w.org\/{rel}","templated":true}]}}