{"id":72948,"date":"2017-10-14T15:41:58","date_gmt":"2017-10-14T18:41:58","guid":{"rendered":"http:\/\/www.elsindical.com.ar\/notas\/?p=72948"},"modified":"2017-10-14T16:58:53","modified_gmt":"2017-10-14T19:58:53","slug":"alimentos-en-mal-estado-en-comedores-escolares-nueva-denuncia","status":"publish","type":"post","link":"https:\/\/www.elsindical.com.ar\/notas\/alimentos-en-mal-estado-en-comedores-escolares-nueva-denuncia\/","title":{"rendered":"Alimentos en mal estado en comedores escolares: nueva denuncia"},"content":{"rendered":"<p class=\"bajada\"><em>\u00a0 <a href=\"http:\/\/www.elsindical.com.ar\/notas\/var\/www\/html\/notas\/wp-content\/uploads\/2017\/10\/alimentos-comedores.jpg\"><img loading=\"lazy\" decoding=\"async\" class=\"alignnone size-medium wp-image-72949\" src=\"http:\/\/www.elsindical.com.ar\/notas\/var\/www\/html\/notas\/wp-content\/uploads\/2017\/10\/alimentos-comedores-300x179.jpg\" alt=\"\" width=\"300\" height=\"179\" srcset=\"https:\/\/www.elsindical.com.ar\/notas\/var\/www\/html\/notas\/wp-content\/uploads\/2017\/10\/alimentos-comedores-300x179.jpg 300w, https:\/\/www.elsindical.com.ar\/notas\/var\/www\/html\/notas\/wp-content\/uploads\/2017\/10\/alimentos-comedores-500x298.jpg 500w, https:\/\/www.elsindical.com.ar\/notas\/var\/www\/html\/notas\/wp-content\/uploads\/2017\/10\/alimentos-comedores.jpg 620w\" sizes=\"auto, (max-width: 300px) 100vw, 300px\" \/><\/a>Sucedi\u00f3 en el centro \u201cLa Casita\u201d, de Lincoln. Las irregularidades apuntan a un proveedor contratado por las autoridades educativas que viene siendo denunciado por Suteba.<\/em><\/p>\n<p>Uno de los proveedores contratados por las autoridades educativas bonaerenses estar\u00eda entregando alimentos en mal estado en el servicio alimentario que se presta en el centro \u201cLa Casita\u201d de la ciudad de Lincoln.<\/p>\n<p>As\u00ed lo indic\u00f3 Alicia Papay, la representante local del gremio Suteba. \u201cEl proveedor es una empresa de Jun\u00edn que el a\u00f1o pasado y el anterior llevaba la comida en mal estado a las escuelas. Por ejemplo, llevaba el viernes las cajas de banana y el lunes estaban podridas. Tambi\u00e9n se hab\u00eda denunciado que hab\u00eda latas de carne para acompa\u00f1ar el arroz y los fideos y eran incomibles\u201d, dijo en declaraciones a \u201cSomos Lincoln, publicadas por el Diario La Posta.<\/p>\n<p>Vale mencionar que las denuncias de irregularidades tambi\u00e9n involucran a otros distritos. \u201cEste proveedor viene con problemas. Nosotros venimos cuestion\u00e1ndolo desde hace tiempo. Y, en el caso de Ameghino, se tuvo una actitud totalmente diferente con este proveedor, ya que hicieron actas de todo lo que pasaba en las escuelas y de las irregularidades que encontraban. Hicieron una investigaci\u00f3n y lo mandaron a La Plata, donde se decidi\u00f3 que se cambiara el pliego de la licitaci\u00f3n para hacer entrega diaria de mercader\u00eda, para que no suceda esto\u201d, a\u00f1adi\u00f3 al respecto Alicia Papay.<\/p>\n","protected":false},"excerpt":{"rendered":"<p>\u00a0 Sucedi\u00f3 en el centro \u201cLa Casita\u201d, de Lincoln. Las irregularidades apuntan a un proveedor contratado por las autoridades educativas que viene siendo denunciado por Suteba. Uno de los proveedores contratados por las autoridades educativas bonaerenses estar\u00eda entregando alimentos en mal estado en el servicio alimentario que se presta en el centro \u201cLa Casita\u201d de&hellip;<\/p>\n","protected":false},"author":1,"featured_media":72949,"comment_status":"open","ping_status":"open","sticky":false,"template":"","format":"standard","meta":{"footnotes":""},"categories":[6],"tags":[1118,6106,27368,9148,5204],"class_list":["post-72948","post","type-post","status-publish","format-standard","has-post-thumbnail","hentry","category-denuncias","tag-alimentos","tag-comedores","tag-la-casita","tag-lincoln","tag-suteba"],"_links":{"self":[{"href":"https:\/\/www.elsindical.com.ar\/notas\/wp-json\/wp\/v2\/posts\/72948","targetHints":{"allow":["GET"]}}],"collection":[{"href":"https:\/\/www.elsindical.com.ar\/notas\/wp-json\/wp\/v2\/posts"}],"about":[{"href":"https:\/\/www.elsindical.com.ar\/notas\/wp-json\/wp\/v2\/types\/post"}],"author":[{"embeddable":true,"href":"https:\/\/www.elsindical.com.ar\/notas\/wp-json\/wp\/v2\/users\/1"}],"replies":[{"embeddable":true,"href":"https:\/\/www.elsindical.com.ar\/notas\/wp-json\/wp\/v2\/comments?post=72948"}],"version-history":[{"count":1,"href":"https:\/\/www.elsindical.com.ar\/notas\/wp-json\/wp\/v2\/posts\/72948\/revisions"}],"predecessor-version":[{"id":72950,"href":"https:\/\/www.elsindical.com.ar\/notas\/wp-json\/wp\/v2\/posts\/72948\/revisions\/72950"}],"wp:featuredmedia":[{"embeddable":true,"href":"https:\/\/www.elsindical.com.ar\/notas\/wp-json\/wp\/v2\/media\/72949"}],"wp:attachment":[{"href":"https:\/\/www.elsindical.com.ar\/notas\/wp-json\/wp\/v2\/media?parent=72948"}],"wp:term":[{"taxonomy":"category","embeddable":true,"href":"https:\/\/www.elsindical.com.ar\/notas\/wp-json\/wp\/v2\/categories?post=72948"},{"taxonomy":"post_tag","embeddable":true,"href":"https:\/\/www.elsindical.com.ar\/notas\/wp-json\/wp\/v2\/tags?post=72948"}],"curies":[{"name":"wp","href":"https:\/\/api.w.org\/{rel}","templated":true}]}}