{"id":72906,"date":"2017-10-13T09:45:12","date_gmt":"2017-10-13T12:45:12","guid":{"rendered":"http:\/\/www.elsindical.com.ar\/notas\/?p=72906"},"modified":"2017-10-13T09:45:12","modified_gmt":"2017-10-13T12:45:12","slug":"la-corte-bonaerense-admitio-una-intimacion-de-vecinos-de-9-de-julio-contra-absa","status":"publish","type":"post","link":"https:\/\/www.elsindical.com.ar\/notas\/la-corte-bonaerense-admitio-una-intimacion-de-vecinos-de-9-de-julio-contra-absa\/","title":{"rendered":"La Corte bonaerense admiti\u00f3 una intimaci\u00f3n de vecinos de 9 de Julio contra ABSA"},"content":{"rendered":"<p><em>\u00a0 <a href=\"http:\/\/www.elsindical.com.ar\/notas\/var\/www\/html\/notas\/wp-content\/uploads\/2017\/10\/ABSA.jpg\"><img loading=\"lazy\" decoding=\"async\" class=\"alignnone size-medium wp-image-72907\" src=\"http:\/\/www.elsindical.com.ar\/notas\/var\/www\/html\/notas\/wp-content\/uploads\/2017\/10\/ABSA-300x179.jpg\" alt=\"\" width=\"300\" height=\"179\" srcset=\"https:\/\/www.elsindical.com.ar\/notas\/var\/www\/html\/notas\/wp-content\/uploads\/2017\/10\/ABSA-300x179.jpg 300w, https:\/\/www.elsindical.com.ar\/notas\/var\/www\/html\/notas\/wp-content\/uploads\/2017\/10\/ABSA-500x298.jpg 500w, https:\/\/www.elsindical.com.ar\/notas\/var\/www\/html\/notas\/wp-content\/uploads\/2017\/10\/ABSA.jpg 620w\" sizes=\"auto, (max-width: 300px) 100vw, 300px\" \/><\/a>La denuncia se debe al mal funcionamiento del servicio y por los niveles de ars\u00e9nico detectados en el agua. El m\u00e1ximo tribunal provincial instruy\u00f3 que se dicte un nuevo pronunciamiento que de una soluci\u00f3n al conflicto.<\/em><\/p>\n<p>La Corte Suprema de la provincia de Buenos Aires admiti\u00f3 un recurso de amparo colectivo presentado por un grupo de habitantes de la localidad de 9 de julio contra la operadoras de agua y saneamiento Aguas Bonaerenses (ABSA).<\/p>\n<p>La denuncia fue efectuada por un grupo de vecinos por el mal funcionamiento del servicio y por los niveles de ars\u00e9nico detectados en el agua, superiores a los permitidos en los par\u00e1metros establecidos por la Organizaci\u00f3n Mundial de la Salud.<\/p>\n<p>De acuerdo a una nota publicada en el portal Cadena Nueve, solicitaron que se realicen los trabajos necesarios para adecuar la calidad y potabilidad del agua de uso domiciliario y que se provea a los nuevejulienses la cantidad de agua necesaria para cubrir sus necesidades.<\/p>\n<p>Frente a estos reclamos, los miembros del M\u00e1ximo Tribunal de la provincia de Buenos Aires, presidido por Hilda Kogan, sostuvieron que el amparo colectivo debe ser admitido, ya que cumple con el requisito b\u00e1sico de este tipo de recursos, que es lograr beneficios colectivos.<\/p>\n<p>Agregaron que, en este caso, resulta de fundamental importancia el derecho de acceso al agua potable y la aplicaci\u00f3n del principio de prevenci\u00f3n, aun en la duda t\u00e9cnica. Y argumentaron que el acceso al agua potable incide directamente sobre la vida y la salud de las personas, raz\u00f3n por la cual debe ser tutelado por los jueces.<\/p>\n<p>En esa l\u00ednea, los jueces a\u00f1adieron que en el campo de los derechos de incidencia colectiva, es fundamental la protecci\u00f3n del agua para que la naturaleza mantenga su funcionamiento como sistema y su capacidad de resiliencia.<\/p>\n<p>Finalmente, los miembros de la Corte bonaerense remitieron la causa al tribunal de origen a fin de que dicte un nuevo pronunciamiento que de una soluci\u00f3n al conflicto<\/p>\n","protected":false},"excerpt":{"rendered":"<p>\u00a0 La denuncia se debe al mal funcionamiento del servicio y por los niveles de ars\u00e9nico detectados en el agua. El m\u00e1ximo tribunal provincial instruy\u00f3 que se dicte un nuevo pronunciamiento que de una soluci\u00f3n al conflicto. La Corte Suprema de la provincia de Buenos Aires admiti\u00f3 un recurso de amparo colectivo presentado por un&hellip;<\/p>\n","protected":false},"author":1,"featured_media":72907,"comment_status":"open","ping_status":"open","sticky":false,"template":"","format":"standard","meta":{"footnotes":""},"categories":[20],"tags":[836,20032,512,26866],"class_list":["post-72906","post","type-post","status-publish","format-standard","has-post-thumbnail","hentry","category-judiciales","tag-9-de-julio","tag-absa","tag-reclamo","tag-suprema-corte-bonaerese"],"_links":{"self":[{"href":"https:\/\/www.elsindical.com.ar\/notas\/wp-json\/wp\/v2\/posts\/72906","targetHints":{"allow":["GET"]}}],"collection":[{"href":"https:\/\/www.elsindical.com.ar\/notas\/wp-json\/wp\/v2\/posts"}],"about":[{"href":"https:\/\/www.elsindical.com.ar\/notas\/wp-json\/wp\/v2\/types\/post"}],"author":[{"embeddable":true,"href":"https:\/\/www.elsindical.com.ar\/notas\/wp-json\/wp\/v2\/users\/1"}],"replies":[{"embeddable":true,"href":"https:\/\/www.elsindical.com.ar\/notas\/wp-json\/wp\/v2\/comments?post=72906"}],"version-history":[{"count":1,"href":"https:\/\/www.elsindical.com.ar\/notas\/wp-json\/wp\/v2\/posts\/72906\/revisions"}],"predecessor-version":[{"id":72908,"href":"https:\/\/www.elsindical.com.ar\/notas\/wp-json\/wp\/v2\/posts\/72906\/revisions\/72908"}],"wp:featuredmedia":[{"embeddable":true,"href":"https:\/\/www.elsindical.com.ar\/notas\/wp-json\/wp\/v2\/media\/72907"}],"wp:attachment":[{"href":"https:\/\/www.elsindical.com.ar\/notas\/wp-json\/wp\/v2\/media?parent=72906"}],"wp:term":[{"taxonomy":"category","embeddable":true,"href":"https:\/\/www.elsindical.com.ar\/notas\/wp-json\/wp\/v2\/categories?post=72906"},{"taxonomy":"post_tag","embeddable":true,"href":"https:\/\/www.elsindical.com.ar\/notas\/wp-json\/wp\/v2\/tags?post=72906"}],"curies":[{"name":"wp","href":"https:\/\/api.w.org\/{rel}","templated":true}]}}