{"id":72891,"date":"2017-10-12T17:17:38","date_gmt":"2017-10-12T20:17:38","guid":{"rendered":"http:\/\/www.elsindical.com.ar\/notas\/?p=72891"},"modified":"2017-10-12T17:18:22","modified_gmt":"2017-10-12T20:18:22","slug":"la-mosca-estrena-su-nuevo-sencillo-y-videoclip-marineros","status":"publish","type":"post","link":"https:\/\/www.elsindical.com.ar\/notas\/la-mosca-estrena-su-nuevo-sencillo-y-videoclip-marineros\/","title":{"rendered":"LA MOSCA estrena su nuevo sencillo y videoclip \u00abMARINEROS\u00bb"},"content":{"rendered":"<table width=\"100%\">\n<tbody>\n<tr>\n<td width=\"100%\">\u00a0<a href=\"http:\/\/www.elsindical.com.ar\/notas\/var\/www\/html\/notas\/wp-content\/uploads\/2017\/10\/La-Mosca-marineros.jpg\"><img loading=\"lazy\" decoding=\"async\" class=\"alignnone size-medium wp-image-72892\" src=\"http:\/\/www.elsindical.com.ar\/notas\/var\/www\/html\/notas\/wp-content\/uploads\/2017\/10\/La-Mosca-marineros-300x168.jpg\" alt=\"\" width=\"300\" height=\"168\" srcset=\"https:\/\/www.elsindical.com.ar\/notas\/var\/www\/html\/notas\/wp-content\/uploads\/2017\/10\/La-Mosca-marineros-300x168.jpg 300w, https:\/\/www.elsindical.com.ar\/notas\/var\/www\/html\/notas\/wp-content\/uploads\/2017\/10\/La-Mosca-marineros-768x431.jpg 768w, https:\/\/www.elsindical.com.ar\/notas\/var\/www\/html\/notas\/wp-content\/uploads\/2017\/10\/La-Mosca-marineros-500x281.jpg 500w, https:\/\/www.elsindical.com.ar\/notas\/var\/www\/html\/notas\/wp-content\/uploads\/2017\/10\/La-Mosca-marineros.jpg 800w\" sizes=\"auto, (max-width: 300px) 100vw, 300px\" \/><\/a><\/td>\n<\/tr>\n<\/tbody>\n<\/table>\n<table width=\"100%\">\n<tbody>\n<tr>\n<td width=\"100%\">Est\u00e1 de estreno con su nuevo video y sencillo <strong><em>\u201cMARINEROS\u201d<\/em><\/strong><\/td>\n<\/tr>\n<\/tbody>\n<\/table>\n<table width=\"100%\">\n<tbody>\n<tr>\n<td width=\"100%\"><strong><em>MARINEROS<\/em><\/strong> refleja una cl\u00e1sica historia de navegantes cuando salen a la mar, quienes van recorriendo el mundo, pasando desaf\u00edos, arribando a diferentes puertos para luego continuar el recorrido.<\/p>\n<p>Al igual que los marineros, LA MOSCA deja entrever la vida de la banda que se sumerge en giras constantes, derribando obst\u00e1culos para llegar con su m\u00fasica a cada ciudad.<\/p>\n<p>LA MOSCA hace el lanzamiento mundial de \u00e9ste nuevo single y video de cara a presentarlo durante el verano por el interior de nuestro pa\u00eds y luego al exterior.<\/p>\n<p>El clip fue rodado en las ciudades de San Nicol\u00e1s y Ramallo, con la idea de la banda,\u00a0bajo la direcci\u00f3n de Leandro Pe\u00f3n.<\/p>\n<p>&#8212;<\/p>\n<p>LA MOSCA lleva m\u00e1s de 20 a\u00f1os de trayectoria. \u00a0Sus \u00e9xitos no solo recorrieron el pa\u00eds, sino que sobrepasaron las fronteras llegando a Estados Unidos, Espa\u00f1a, Portugal, Italia,\u00a0Holanda,\u00a0M\u00e9xico, Colombia, Venezuela, Canad\u00e1 y toda Am\u00e9rica Latina. Logrando as\u00ed recorrer m\u00e1s de 30 pa\u00edses, vendiendo millones de discos y recibiendo premios nacionales e internacionales, entre discos de oro y platino.<\/p>\n<p>Compartieron escenario con grandes figuras: Celia Cruz, Los Fabulosos Cadillacs, Pericos, Ricky Martin, Robie Williams, etc.<\/p>\n<p>Es su \u00faltimo disco grabaron junto con\u00a0Don Omar en el\u00a0single\u00a0\u201cLas Mujeres de Tu Vida\u201d.<\/p>\n<p>LA MOSCA es la banda con m\u00e1s canciones futboleras en la historia. Las hinchadas del Real Madrid, Atl\u00e9tico de Madrid,\u00a0Millonarios de Medell\u00edn, Racing, Independiente, River, Boca, San lorenzoentre otros, han tomado los cl\u00e1sicos temas para plasmar las canciones de los clubes y \u201cYo te quiero dar\u201d se convirti\u00f3 en un himno del futbol.<\/p>\n<p>Varios artistas de distintos pa\u00edses han traducido y grabado \u201cPara No Verte M\u00e1s\u201d, \u00abYo\u00a0te quiero dar\u00bb y \u00abCha Cha Cha\u00bb en varios idiomas. Lo podemos encontrar en tailand\u00e9s, polaco, dan\u00e9s, \u00e1rabe, italiano y alem\u00e1n.<\/p>\n<p>Octubre del 2017 marca el regreso de La Mosca con <strong><em>\u201cMARINEROS\u201d<\/em><\/strong>, un SKA con el sonido caracter\u00edstico y con el mismo aroma a convertirse en otro hit de la Big band.<\/td>\n<\/tr>\n<\/tbody>\n<\/table>\n<table width=\"100%\">\n<tbody>\n<tr>\n<td width=\"100%\"><a href=\"http:\/\/89414.track.dattanet.com\/track\/click?u=1310241&amp;p=38393431343a3139373a3137393a303a31303a30&amp;s=9a0cac7aa1ff305aee9e1091e53d0222&amp;m=125\">Bajate el audio de \u201cMarineros\u201d<\/a><\/p>\n<p>Grabado en: El Mudito Records.<\/p>\n<p>Ingeniero de grabaci\u00f3n y mezcla: Guillermo Mamberti.<\/p>\n<p>Producci\u00f3n: Adrian Cionco &#8211;\u00a0\u00a0Octubre 2017<\/p>\n<p><a href=\"http:\/\/89414.track.dattanet.com\/track\/click?u=1310242&amp;p=38393431343a3139373a3137393a303a31313a30&amp;s=9a0cac7aa1ff305aee9e1091e53d0222&amp;m=125\">Mira el video de \u201cMARINEROS\u201d<\/a><\/td>\n<\/tr>\n<\/tbody>\n<\/table>\n<table width=\"100%\">\n<tbody>\n<tr>\n<td width=\"100%\"><\/td>\n<\/tr>\n<\/tbody>\n<\/table>\n<table width=\"100%\">\n<tbody>\n<tr>\n<td width=\"100%\">\u00a0<a href=\"http:\/\/89414.track.dattanet.com\/track\/click?u=1310244&amp;p=38393431343a3139373a3137393a303a31343a30&amp;s=9a0cac7aa1ff305aee9e1091e53d0222&amp;m=125\"><strong>www.nachoproducciones.com.ar<\/strong><\/a><\/p>\n<p><strong>FB @NachoProduccionesAgencia \/\/ TW @Nachoprod<\/strong><\/td>\n<\/tr>\n<\/tbody>\n<\/table>\n","protected":false},"excerpt":{"rendered":"<p>\u00a0 Est\u00e1 de estreno con su nuevo video y sencillo \u201cMARINEROS\u201d MARINEROS refleja una cl\u00e1sica historia de navegantes cuando salen a la mar, quienes van recorriendo el mundo, pasando desaf\u00edos, arribando a diferentes puertos para luego continuar el recorrido. Al igual que los marineros, LA MOSCA deja entrever la vida de la banda que se&hellip;<\/p>\n","protected":false},"author":1,"featured_media":72892,"comment_status":"open","ping_status":"open","sticky":false,"template":"","format":"standard","meta":{"footnotes":""},"categories":[15],"tags":[27354,27023,27355,368],"class_list":["post-72891","post","type-post","status-publish","format-standard","has-post-thumbnail","hentry","category-espectaculos","tag-la-mosca","tag-marineros","tag-sencillo","tag-video"],"_links":{"self":[{"href":"https:\/\/www.elsindical.com.ar\/notas\/wp-json\/wp\/v2\/posts\/72891","targetHints":{"allow":["GET"]}}],"collection":[{"href":"https:\/\/www.elsindical.com.ar\/notas\/wp-json\/wp\/v2\/posts"}],"about":[{"href":"https:\/\/www.elsindical.com.ar\/notas\/wp-json\/wp\/v2\/types\/post"}],"author":[{"embeddable":true,"href":"https:\/\/www.elsindical.com.ar\/notas\/wp-json\/wp\/v2\/users\/1"}],"replies":[{"embeddable":true,"href":"https:\/\/www.elsindical.com.ar\/notas\/wp-json\/wp\/v2\/comments?post=72891"}],"version-history":[{"count":1,"href":"https:\/\/www.elsindical.com.ar\/notas\/wp-json\/wp\/v2\/posts\/72891\/revisions"}],"predecessor-version":[{"id":72893,"href":"https:\/\/www.elsindical.com.ar\/notas\/wp-json\/wp\/v2\/posts\/72891\/revisions\/72893"}],"wp:featuredmedia":[{"embeddable":true,"href":"https:\/\/www.elsindical.com.ar\/notas\/wp-json\/wp\/v2\/media\/72892"}],"wp:attachment":[{"href":"https:\/\/www.elsindical.com.ar\/notas\/wp-json\/wp\/v2\/media?parent=72891"}],"wp:term":[{"taxonomy":"category","embeddable":true,"href":"https:\/\/www.elsindical.com.ar\/notas\/wp-json\/wp\/v2\/categories?post=72891"},{"taxonomy":"post_tag","embeddable":true,"href":"https:\/\/www.elsindical.com.ar\/notas\/wp-json\/wp\/v2\/tags?post=72891"}],"curies":[{"name":"wp","href":"https:\/\/api.w.org\/{rel}","templated":true}]}}