{"id":72863,"date":"2017-10-12T00:32:53","date_gmt":"2017-10-12T03:32:53","guid":{"rendered":"http:\/\/www.elsindical.com.ar\/notas\/?p=72863"},"modified":"2017-10-12T00:34:53","modified_gmt":"2017-10-12T03:34:53","slug":"efemerides-del-dia-12-de-octubre-4","status":"publish","type":"post","link":"https:\/\/www.elsindical.com.ar\/notas\/efemerides-del-dia-12-de-octubre-4\/","title":{"rendered":"EFEM\u00c9RIDES: DEL D\u00cdA 12 DE OCTUBRE"},"content":{"rendered":"<p><a href=\"http:\/\/www.elsindical.com.ar\/notas\/var\/www\/html\/notas\/wp-content\/uploads\/2017\/10\/efemerides.png\"><img loading=\"lazy\" decoding=\"async\" class=\"alignnone size-medium wp-image-72853\" src=\"http:\/\/www.elsindical.com.ar\/notas\/var\/www\/html\/notas\/wp-content\/uploads\/2017\/10\/efemerides-300x129.png\" alt=\"\" width=\"300\" height=\"129\" srcset=\"https:\/\/www.elsindical.com.ar\/notas\/var\/www\/html\/notas\/wp-content\/uploads\/2017\/10\/efemerides-300x129.png 300w, https:\/\/www.elsindical.com.ar\/notas\/var\/www\/html\/notas\/wp-content\/uploads\/2017\/10\/efemerides-500x214.png 500w, https:\/\/www.elsindical.com.ar\/notas\/var\/www\/html\/notas\/wp-content\/uploads\/2017\/10\/efemerides.png 674w\" sizes=\"auto, (max-width: 300px) 100vw, 300px\" \/><\/a><\/p>\n<p>D\u00eda del Respeto a la Diversidad Cultural<\/p>\n<p>1492 \u2013 Cristobal Col\u00f3n y sus hombres descubren Am\u00e9rica.<\/p>\n<p>1537 \u2013 Nace Eduardo VI, rey de Inglaterra e Irlanda.<\/p>\n<p>1629 \u2013 Se inaugura en Buenos Aires el templo de la Iglesia del Pilar.<\/p>\n<p>1778 \u2013 Decreto que pone fin al monopolio del comercio de Espa\u00f1a con Am\u00e9rica, ejercido sucesivamente por Sevilla y C\u00e1diz.<\/p>\n<p>1805 \u2013 Nace Henry Wells, empresario estadounidense fundador de American Express Co. y la Wells Fargo &amp; Co.<\/p>\n<p>1811 \u2013 Argentina reconoce la independencia de Paraguay.<\/p>\n<p>1812 \u2013 Muere el patriota argentino Juan Jos\u00e9 Castelli.<\/p>\n<p>1812 \u2013 Nace la educadora Mar\u00eda del Rosario Sarmiento, hermana del pr\u00f3cer argentino.<\/p>\n<p>1813 \u2013 Paraguay se constituye en Rep\u00fablica independiente, rompiendo definitivamente con Espa\u00f1a y Argentina.<\/p>\n<p>1825 \u2013 Batalla de Sarandi (Uruguay), en la que los uruguayos vencen a los brasile\u00f1os.<\/p>\n<p>1840 \u2013 Nace Auguste Rodin, escultor franc\u00e9s.<\/p>\n<p>1858 \u2013 Muere el pintor y grabador japon\u00e9s Hiroshige.<\/p>\n<p>1862 \u2013 Bartolom\u00e9 Mitre se hace cargo de la Presidencia de la Confederaci\u00f3n Argentina.<\/p>\n<p>1868 \u2013 Domingo Faustino Sarmiento asume la presidencia de la Rep\u00fablica Argentina.<\/p>\n<p>1876 \u2013 Nace Alvin Kraenzlein, atleta estadounidense, el primero que gan\u00f3 4 medallas en un mismo juego ol\u00edmpico. Fue en Par\u00eds 1904.<\/p>\n<p>1881 \u2013 Nace Carlos L\u00f3pez Buchardo, m\u00fasico argentino.<\/p>\n<p>1892 \u2013 Inauguraci\u00f3n en la capital de M\u00e9xico de un nuevo monumento a Crist\u00f3bal Col\u00f3n.<\/p>\n<p>1898 \u2013 Asume la presidencia argentina Julio Argentino Roca.<\/p>\n<p>1904 \u2013 Asume la presidencia argentina Manuel Quintana.<\/p>\n<p>1904 \u2013 Se funda en el barrio de Villa Crespo (Bs.As.) el Club Atl\u00e9tico Atlanta.<\/p>\n<p>1910 \u2013 Asume la presidencia argentina Roque S\u00e1enz Pe\u00f1a.<\/p>\n<p>1911 \u2013 Un terremoto causa 700 v\u00edctimas en la California mexicana.<\/p>\n<p>1915 \u2013 Se presenta en Berl\u00edn el primer avi\u00f3n totalmente met\u00e1lico, inventado por el aviador e industrial alem\u00e1n Hugo Junkers.<\/p>\n<p>1916 \u2013 Hip\u00f3lito Irigoyen asume la presidencia argentina.<\/p>\n<p>1916 \u2013 Muere el payador argentino Gabino Ezeiza.<\/p>\n<p>1922 \u2013 Marcelo T. de Alvear asume la presidencia argentina.<\/p>\n<p>1923 \u2013 Se funda la Academia Costarricense de la Lengua.<\/p>\n<p>1923 \u2013 Se inaugura en Luj\u00e1n el Museo Colonial e Hist\u00f3rico de la provincia de Buenos Aires.<\/p>\n<p>1925 \u2013 Inauguraci\u00f3n de la Universidad mexicana de Guadalajara.<\/p>\n<p>1927 \u2013 Fundaci\u00f3n de la Academia Dominicana de la Lengua.<\/p>\n<p>1928 \u2013 Hip\u00f3lito Irigoyen asume por segunda vez la presidencia argentina.<\/p>\n<p>1929 \u2013 Inauguraci\u00f3n del servicio telef\u00f3nico entre Espa\u00f1a, Uruguay y Argentina.<\/p>\n<p>1933 \u2013 Arriba a Buenos Aires el poeta espa\u00f1ol Federico Garc\u00eda Lorca.<\/p>\n<p>1935 \u2013 Nace Luciano Pavarotti, tenor italiano.<\/p>\n<p>1937 \u2013 Se realiza la inauguraci\u00f3n de la Avenida 9 de Julio de Buenos Aires.<\/p>\n<p>1940 \u2013 Se establece en Espa\u00f1a la fiesta de la Hispanidad.<\/p>\n<p>1940 \u2013 Se inaugura el edificio restaurado del viejo Cabildo de Buenos Aires.<\/p>\n<p>1957 \u2013 Se inaugura en Buenos Aires el Museo de la Casa de Gobierno.<\/p>\n<p>1959 \u2013 Con 22 a\u00f1os Bruce McLaren se convierte en el ganador m\u00e1s joven de un Grand Prix de automovilismo.<\/p>\n<p>1963 \u2013 Arturo Illia asume la presidencia argentina.<\/p>\n<p>1964 \u2013 Los cosmonautas Vladimir M. Komarov, Boris B. Yegorov y Konstantin P. Feoktistov realizan un vuelo de 15 \u00f3rbitas en la nave Voskhod 1.<\/p>\n<p>1968 \u2013 Apertura de los XIX Juegos Ol\u00edmpicos, en M\u00e9xico.<\/p>\n<p>1968 \u2013 Independencia de Guinea Ecuatorial.<\/p>\n<p>1973 \u2013 Juan Domingo Per\u00f3n asume por tercera vez el cargo de presidente de la Rep\u00fablica Argentina.<\/p>\n<p>1979 \u2013 Se crea la Conferencia Permanente de Partidos Pol\u00edticos de Am\u00e9rica Latina (COPPPAL).<\/p>\n<p>1984 \u2013 Atentado del IRA contra la primera ministra brit\u00e1nica, Margaret Thatcher en el Grand Hotel Brighton (Londres).<\/p>\n<p>1990 \u2013 Bolivia y Paraguay se unen al Grupo de R\u00edo.<\/p>\n<p>1991 \u2013 Clausura en Santiago de Chile de la 86 Conferencia Interparlamentaria.<\/p>\n<p>1992 \u2013 Daniel Scioli gana el campeonato mundial de off shore.<\/p>\n<p>1992 \u2013 Se celebra el V Centenario del Descubrimiento de Am\u00e9rica.<\/p>\n<p>1992 \u2013 Los Reyes de Espa\u00f1a clausuran la Exposici\u00f3n Universal de Sevilla.<\/p>\n<p>1992 \u2013 Un terremoto sacude El Cairo y causa la muerte de 552 personas y graves da\u00f1os materiales.<\/p>\n<p>1992 \u2013 El Papa Juan Pablo II celebra el V Centenario de la evangelizaci\u00f3n de Am\u00e9rica en el santuario dominicano de Alta Gracia.<\/p>\n<p>1998 \u2013 Los farmac\u00f3logos estadounidenses Robert F. Furchgott, Louis J. Ignarro y Ferid Murad son galardonados con el Premio Nobel de Medicina o Fisiolog\u00eda.<\/p>\n<p>2001 \u2013 Suecia: El premio Nobel de Literatura 2001 es concedido al brit\u00e1nico nacido en Trinidad y Tobago y de origen indio, Vidiadhar Surajprasad (V.S.) Naipaul, de 69 a\u00f1os, autor de 25 libros. El premio Nobel de la Paz es concedido a la ONU y a su secretario general Kofi Annan, \u201cpor su trabajo a favor de un mundo mejor organizado y m\u00e1s pac\u00edfico\u201d<\/p>\n<p>2003 \u2013 Michael Schumacher logra en el Gran Premio de Jap\u00f3n su sexto campeonato mundial de F\u00f3rmula 1, situ\u00e1ndose como l\u00edder de todos los tiempos en t\u00edtulos alcanzados.<\/p>\n<p>2006 \u2013 Muere Gillo Pontecorvo, cineasta italiano.<\/p>\n<p>2010 \u2013 Finaliza Rescate de los 33 mineros en Copiap\u00f3, Chile<\/p>\n<p>2014 \u2013 Muere Roberto Telch, futbolista argentino.<\/p>\n","protected":false},"excerpt":{"rendered":"<p>D\u00eda del Respeto a la Diversidad Cultural 1492 \u2013 Cristobal Col\u00f3n y sus hombres descubren Am\u00e9rica. 1537 \u2013 Nace Eduardo VI, rey de Inglaterra e Irlanda. 1629 \u2013 Se inaugura en Buenos Aires el templo de la Iglesia del Pilar. 1778 \u2013 Decreto que pone fin al monopolio del comercio de Espa\u00f1a con Am\u00e9rica, ejercido&hellip;<\/p>\n","protected":false},"author":1,"featured_media":72853,"comment_status":"open","ping_status":"open","sticky":false,"template":"","format":"standard","meta":{"footnotes":""},"categories":[14],"tags":[],"class_list":["post-72863","post","type-post","status-publish","format-standard","has-post-thumbnail","hentry","category-efemerides"],"_links":{"self":[{"href":"https:\/\/www.elsindical.com.ar\/notas\/wp-json\/wp\/v2\/posts\/72863","targetHints":{"allow":["GET"]}}],"collection":[{"href":"https:\/\/www.elsindical.com.ar\/notas\/wp-json\/wp\/v2\/posts"}],"about":[{"href":"https:\/\/www.elsindical.com.ar\/notas\/wp-json\/wp\/v2\/types\/post"}],"author":[{"embeddable":true,"href":"https:\/\/www.elsindical.com.ar\/notas\/wp-json\/wp\/v2\/users\/1"}],"replies":[{"embeddable":true,"href":"https:\/\/www.elsindical.com.ar\/notas\/wp-json\/wp\/v2\/comments?post=72863"}],"version-history":[{"count":1,"href":"https:\/\/www.elsindical.com.ar\/notas\/wp-json\/wp\/v2\/posts\/72863\/revisions"}],"predecessor-version":[{"id":72864,"href":"https:\/\/www.elsindical.com.ar\/notas\/wp-json\/wp\/v2\/posts\/72863\/revisions\/72864"}],"wp:featuredmedia":[{"embeddable":true,"href":"https:\/\/www.elsindical.com.ar\/notas\/wp-json\/wp\/v2\/media\/72853"}],"wp:attachment":[{"href":"https:\/\/www.elsindical.com.ar\/notas\/wp-json\/wp\/v2\/media?parent=72863"}],"wp:term":[{"taxonomy":"category","embeddable":true,"href":"https:\/\/www.elsindical.com.ar\/notas\/wp-json\/wp\/v2\/categories?post=72863"},{"taxonomy":"post_tag","embeddable":true,"href":"https:\/\/www.elsindical.com.ar\/notas\/wp-json\/wp\/v2\/tags?post=72863"}],"curies":[{"name":"wp","href":"https:\/\/api.w.org\/{rel}","templated":true}]}}