{"id":72756,"date":"2017-10-09T11:40:24","date_gmt":"2017-10-09T14:40:24","guid":{"rendered":"http:\/\/www.elsindical.com.ar\/notas\/?p=72756"},"modified":"2017-10-11T22:19:49","modified_gmt":"2017-10-12T01:19:49","slug":"comienza-el-juicio-a-dos-militares-que-integraron-el-centro-clandestino-el-campito","status":"publish","type":"post","link":"https:\/\/www.elsindical.com.ar\/notas\/comienza-el-juicio-a-dos-militares-que-integraron-el-centro-clandestino-el-campito\/","title":{"rendered":"Comienza el juicio a dos militares que integraron el centro clandestino \u00abEl Campito\u00bb"},"content":{"rendered":"<p><em>\u00a0 <a href=\"http:\/\/www.elsindical.com.ar\/notas\/var\/www\/html\/notas\/wp-content\/uploads\/2017\/10\/centro-clandestino-El-Campito.jpg\"><img loading=\"lazy\" decoding=\"async\" class=\"alignnone size-medium wp-image-72757\" src=\"http:\/\/www.elsindical.com.ar\/notas\/var\/www\/html\/notas\/wp-content\/uploads\/2017\/10\/centro-clandestino-El-Campito-300x179.jpg\" alt=\"\" width=\"300\" height=\"179\" srcset=\"https:\/\/www.elsindical.com.ar\/notas\/var\/www\/html\/notas\/wp-content\/uploads\/2017\/10\/centro-clandestino-El-Campito-300x179.jpg 300w, https:\/\/www.elsindical.com.ar\/notas\/var\/www\/html\/notas\/wp-content\/uploads\/2017\/10\/centro-clandestino-El-Campito-500x298.jpg 500w, https:\/\/www.elsindical.com.ar\/notas\/var\/www\/html\/notas\/wp-content\/uploads\/2017\/10\/centro-clandestino-El-Campito.jpg 620w\" sizes=\"auto, (max-width: 300px) 100vw, 300px\" \/><\/a>El Tribunal Oral en lo Criminal Federal N\u00ba1 de San Mart\u00edn juzgar\u00e1 a partir de este martes por cr\u00edmenes de lesa humanidad, a dos ex militares que durante la \u00faltima dictadura se desempe\u00f1aron en la Guarnici\u00f3n Militar de Campo de Mayo.<\/em><\/p>\n<p>Los acusados son el entonces teniente primero de la Escuela de Suboficiales Sargento Cabral, Eduardo Alfonso, de 69 a\u00f1os, y el ex capit\u00e1n del departamento de inteligencia del Comando de Institutos Militares, Rafael F\u00e9lix L\u00f3pez Fader, de 72.<\/p>\n<p>Seg\u00fan informa el portal del Ministerio P\u00fablico Fiscal, de acuerdo con las pruebas, ambos fueron integrantes de grupos de tareas del centro clandestino de detenci\u00f3n \u00abEl Campito\u00bb, que funcionaba dentro del predio.<\/p>\n<p>El debate estar\u00e1 a cargo de las juezas\u00a0Marta Milloc y Marcela Rodr\u00edguez y del juez Diego Barroetave\u00f1a. Intervendr\u00e1 el fiscal general ante ese tribunal, Marcelo Garc\u00eda Berro.<\/p>\n<p>Alfonso y L\u00f3pez Fader llegan a juicio en causas diferentes. El primero, que estuvo pr\u00f3fugo durante varios a\u00f1os, est\u00e1 acusado de los homicidios calificados de la pareja compuesta por Antonio Garc\u00eda y Beatriz Recchia, de la privaci\u00f3n ileg\u00edtima de la libertad cometida por abuso funcional y de los tormentos agravados a esta \u00faltima y de la privaci\u00f3n ileg\u00edtima de la libertad de la hija de ambos, Juliana In\u00e9s Garc\u00eda, quien al momento de los hechos ten\u00eda tres a\u00f1os de edad. La imputaci\u00f3n tambi\u00e9n incluye el delito de allanamiento ilegal al domicilio donde viv\u00eda la familia.<\/p>\n<p><strong>Los hechos<\/strong><\/p>\n<p>Los hechos imputados a Alfonso sucedieron en la madrugada del 12 de enero de 1977, cuando form\u00f3 parte de un procedimiento ilegal -seg\u00fan consta en una condecoraci\u00f3n que recibi\u00f3- que atac\u00f3 el domicilio de las v\u00edctimas en la calle Independencia 1940 de la localidad de Villa Adelina, partido de San Isidro.<\/p>\n<p>Alfonso recibi\u00f3 una medalla de \u00abHerido en Combate\u00bb por su participaci\u00f3n en el procedimiento ilegal perpetrado contra la familia Garc\u00eda &#8211; Recchia.<\/p>\n<p>De acuerdo con el requerimiento de elevaci\u00f3n a juicio formulado por los fiscales Miguel Blanco Garc\u00eda Ordas y Hugo Alfredo Bogetti, el grupo represivo \u00abirrumpi\u00f3 violentamente\u00bb y \u00abse produjo un enfrentamiento armado entre un grupo de personas pertenecientes a las fuerzas armadas y los ocupantes de la vivienda en el que perdi\u00f3 la vida Domingo Antonio Garc\u00eda\u00bb y fueron secuestrados Recchia -que transitaba un avanzado embarazo- y la ni\u00f1a.<\/p>\n<p>Tras el operativo, Garc\u00eda fue inhumado como NN en el cementerio de Boulogne, mientras que Recchia -quien permanece desaparecida- fue confinada en \u00abEl Campito\u00bb, donde fue vista con vida al menos por dos sobrevivientes. En ese lugar dio a luz a una ni\u00f1a, a la cual le fue sustituida la identidad y\u00a0permaneci\u00f3 desaparecida hasta 2009, cuando se convirti\u00f3 en la nieta restituida n\u00famero 97.\u00a0En tanto, Juliana, entonces de tres a\u00f1os, fue entregada horas despu\u00e9s del operativo a su abuela materna por el personal de la comisar\u00eda de Villa Adelina.<\/p>\n<p>De acuerdo con la acusaci\u00f3n fiscal, Alfonso recibi\u00f3 una medalla de \u00abHerido en combate\u00bb por su actuaci\u00f3n durante ese procedimiento. Est\u00e1 probado, se\u00f1alaron los fiscales, que \u00abimpart\u00eda \u00f3rdenes y pon\u00eda a disposici\u00f3n los medios necesarios para la comisi\u00f3n de los delitos investigados\u00bb y que tuvo participaci\u00f3n en los hechos tanto como autor mediato como directo, pues \u00aben algunos de los delitos configurados en el caso \u00e9l mismo fue quien los cometi\u00f3 de propia mano\u00bb, dado que \u00abparticip\u00f3 del ataque con armas de fuego que termin\u00f3 con la vida de Garc\u00eda\u00bb.<\/p>\n<p>El caso de la\u00a0beba nacida en cautiverio y luego sustra\u00edda y apropiada forma parte del objeto del\u00a0juicio oral y p\u00fablico que comenz\u00f3 el lunes pasado en la Capital Federal\u00a0al ex jefe del Comando de Institutos Militares con asiento en la guarnici\u00f3n de Campo de Mayo, Santiago Omar Riveros, y al ex jefe del Servicio Cl\u00ednica M\u00e9dica del Hospital Militar que funcionaba en aquella dependencia, Ra\u00fal Mart\u00edn.<\/p>\n<p><strong>Que parezca un accidente<\/strong><\/p>\n<p>Por su parte, L\u00f3pez Fader -quien\u00a0fue detenido en marzo del a\u00f1o pasado- llega acusado a esta instancia de la privaci\u00f3n ilegal de la libertad agravada, la aplicaci\u00f3n de tormentos agravados y el homicidio del ex diputado Diego Muniz Barreto y por los mismos delitos y la tentativa de homicidio contra su colaborador, Juan Jos\u00e9 Fern\u00e1ndez, en una sucesi\u00f3n de hechos que ocurrieron entre febrero y marzo de 1977.<\/p>\n<p>Las dos v\u00edctimas -detenidas ilegalmente el 16 de febrero- se encontraban secuestradas en \u00abEl Campito\u00bb desde el 18 de febrero. El 6 de marzo fueron sacadas por un grupo de represores con el objeto de asesinarlas.<\/p>\n<p>Diego Muniz Barreto y Juan Jos\u00e9 Fern\u00e1ndez fueron adormecidos y luego subidos a un auto que fue arrojado al R\u00edo Paran\u00e1.<\/p>\n<p>De acuerdo con la acusaci\u00f3n, L\u00f3pez Fader fue parte del grupo que retir\u00f3 del Comando de Institutos Militares de la Guarnici\u00f3n Campo de Mayo a las dos v\u00edctimas -donde fueron llevadas desde el centro clandestino- y los traslad\u00f3 hasta el kil\u00f3metro 126 de la Ruta Nacional 18, a orillas del R\u00edo Paran\u00e1, en la provincia de Entre R\u00edos.<\/p>\n<p>En ese lugar, seg\u00fan los elementos de prueba, el imputado y otros integrantes de grupos operativos le aplicaron a Muniz Barreto y a Fern\u00e1ndez un tranquilizante para adormecerlos, los introdujeron en un Fiat 128 propiedad de Fern\u00e1ndez y luego arrojaron el veh\u00edculo al r\u00edo para terminar con sus vidas, simulando un incidente de tr\u00e1nsito.<\/p>\n<p>Muniz Barreto muri\u00f3 ahogado. La dosis inyectada a Fern\u00e1ndez, de gran contextura f\u00edsica, no lleg\u00f3 a dormirlo, aunque la v\u00edctima simul\u00f3 estarlo. De esta forma, logr\u00f3 escapar del auto y sobrevivir. Luego fue hallado por la polic\u00eda, a quienes cont\u00f3 que hab\u00eda sufrido un accidente para evitar caer nuevamente en las manos de quienes lo hab\u00edan secuestrado, torturado e intentaron matarlo. La justicia lo conden\u00f3 por el \u00abhomicidio culposo\u00bb. Fern\u00e1ndez declar\u00f3 lo que hab\u00eda ocurrido realmente ante un escribano en Argentina y luego se exili\u00f3 en Europa, donde muri\u00f3 a\u00f1os despu\u00e9s.<\/p>\n","protected":false},"excerpt":{"rendered":"<p>\u00a0 El Tribunal Oral en lo Criminal Federal N\u00ba1 de San Mart\u00edn juzgar\u00e1 a partir de este martes por cr\u00edmenes de lesa humanidad, a dos ex militares que durante la \u00faltima dictadura se desempe\u00f1aron en la Guarnici\u00f3n Militar de Campo de Mayo. Los acusados son el entonces teniente primero de la Escuela de Suboficiales Sargento&hellip;<\/p>\n","protected":false},"author":1,"featured_media":72757,"comment_status":"open","ping_status":"open","sticky":false,"template":"","format":"standard","meta":{"footnotes":""},"categories":[20],"tags":[12089,27329,27328,4793],"class_list":["post-72756","post","type-post","status-publish","format-standard","has-post-thumbnail","hentry","category-judiciales","tag-campo-de-mayo","tag-centro-clandestino-el-campito","tag-juicio-lesa-humanidad","tag-militares"],"_links":{"self":[{"href":"https:\/\/www.elsindical.com.ar\/notas\/wp-json\/wp\/v2\/posts\/72756","targetHints":{"allow":["GET"]}}],"collection":[{"href":"https:\/\/www.elsindical.com.ar\/notas\/wp-json\/wp\/v2\/posts"}],"about":[{"href":"https:\/\/www.elsindical.com.ar\/notas\/wp-json\/wp\/v2\/types\/post"}],"author":[{"embeddable":true,"href":"https:\/\/www.elsindical.com.ar\/notas\/wp-json\/wp\/v2\/users\/1"}],"replies":[{"embeddable":true,"href":"https:\/\/www.elsindical.com.ar\/notas\/wp-json\/wp\/v2\/comments?post=72756"}],"version-history":[{"count":1,"href":"https:\/\/www.elsindical.com.ar\/notas\/wp-json\/wp\/v2\/posts\/72756\/revisions"}],"predecessor-version":[{"id":72758,"href":"https:\/\/www.elsindical.com.ar\/notas\/wp-json\/wp\/v2\/posts\/72756\/revisions\/72758"}],"wp:featuredmedia":[{"embeddable":true,"href":"https:\/\/www.elsindical.com.ar\/notas\/wp-json\/wp\/v2\/media\/72757"}],"wp:attachment":[{"href":"https:\/\/www.elsindical.com.ar\/notas\/wp-json\/wp\/v2\/media?parent=72756"}],"wp:term":[{"taxonomy":"category","embeddable":true,"href":"https:\/\/www.elsindical.com.ar\/notas\/wp-json\/wp\/v2\/categories?post=72756"},{"taxonomy":"post_tag","embeddable":true,"href":"https:\/\/www.elsindical.com.ar\/notas\/wp-json\/wp\/v2\/tags?post=72756"}],"curies":[{"name":"wp","href":"https:\/\/api.w.org\/{rel}","templated":true}]}}