{"id":72657,"date":"2017-10-04T11:46:50","date_gmt":"2017-10-04T14:46:50","guid":{"rendered":"http:\/\/www.elsindical.com.ar\/notas\/?p=72657"},"modified":"2017-10-04T11:46:50","modified_gmt":"2017-10-04T14:46:50","slug":"general-rodriguez-detuvieron-al-lider-de-la-fuerza-de-choque-de-jorge-castillo-el-rey-de-la-salada","status":"publish","type":"post","link":"https:\/\/www.elsindical.com.ar\/notas\/general-rodriguez-detuvieron-al-lider-de-la-fuerza-de-choque-de-jorge-castillo-el-rey-de-la-salada\/","title":{"rendered":"General Rodr\u00edguez: Detuvieron al l\u00edder de la fuerza de choque de Jorge Castillo, el \u00abRey de La Salada\u00bb"},"content":{"rendered":"<p><em><a href=\"http:\/\/www.elsindical.com.ar\/notas\/var\/www\/html\/notas\/wp-content\/uploads\/2017\/10\/Yayo-L\u00f3pez-detenci\u00f3n-01.jpg\"><img loading=\"lazy\" decoding=\"async\" class=\"alignnone size-medium wp-image-72658\" src=\"http:\/\/www.elsindical.com.ar\/notas\/var\/www\/html\/notas\/wp-content\/uploads\/2017\/10\/Yayo-L\u00f3pez-detenci\u00f3n-01-300x169.jpg\" alt=\"\" width=\"300\" height=\"169\" srcset=\"https:\/\/www.elsindical.com.ar\/notas\/var\/www\/html\/notas\/wp-content\/uploads\/2017\/10\/Yayo-L\u00f3pez-detenci\u00f3n-01-300x169.jpg 300w, https:\/\/www.elsindical.com.ar\/notas\/var\/www\/html\/notas\/wp-content\/uploads\/2017\/10\/Yayo-L\u00f3pez-detenci\u00f3n-01-500x281.jpg 500w, https:\/\/www.elsindical.com.ar\/notas\/var\/www\/html\/notas\/wp-content\/uploads\/2017\/10\/Yayo-L\u00f3pez-detenci\u00f3n-01.jpg 600w\" sizes=\"auto, (max-width: 300px) 100vw, 300px\" \/><\/a> Se trata de Esteban \u00abYayo\u00bb L\u00f3pez, parte de la banda de \u00abLos Chaque\u00f1os\u00bb, quien operaba con el titular de la feria comercial que se encuentra detenido desde junio.<\/em><\/p>\n<p>El Ministerio de Seguridad detuvo en la localidad de General Rodr\u00edguez a uno de los principales socios de Jorge Castillo, el \u00abRey de La Salada\u00bb. Se trata de Esteban \u00abYayo\u00bb L\u00f3pez, integrante de la banda de \u00abLos Chaque\u00f1os\u00bb, fuerza de choque del empresario due\u00f1o de la popular feria comercial de Lomas de Zamora y que fue arrestado en junio pasado.<\/p>\n<p>El procedimiento fue llevado adelante poco antes de las 2 de la madrugada por la Divisi\u00f3n Narcotr\u00e1fico y el grupo de elite \u00abAlbatros\u00bb de la Prefectura Naval en el domicilio de L\u00f3pez. Seg\u00fan precisaron fuentes de las investigaci\u00f3n a Infobae, el sospechoso estar\u00eda vinculado al proceso llevado acabo recientemente en \u00abLa Salada\u00bb por asociaci\u00f3n il\u00edcita y por el que est\u00e1 preso Castillo. Concretamente, L\u00f3pez ten\u00eda pedido de captura internacional por los delitos de asociaci\u00f3n il\u00edcita, extorsi\u00f3n y amenaza agravada por el uso de armas.<\/p>\n<p>Intervino tambi\u00e9n el fiscal general departamental de Lomas de Zamora, Sebasti\u00e1n Scalera, y el juez de Garant\u00edas Gutavo Gaig, quien fue el que dio la orden de allanamiento, detenci\u00f3n y secuestro.<\/p>\n<p>\u00abEsteban \u00abYayo\u00bb L\u00f3pez era uno de los principales socios de Castillo en La Salada. Con Prefectura Naval lo detuvimos en General Rodr\u00edguez\u00bb, confirm\u00f3 la ministra de Seguridad de la Naci\u00f3n, Patricia Bullrich, en su cuenta de Twitter. \u00abEra l\u00edder de una banda apodada &#8216;Los Chaque\u00f1os&#8217;, que trabajaba para Castillo. Su detenci\u00f3n es un paso m\u00e1s hacia una Argentina sin impunidad\u00bb, a\u00f1adi\u00f3 la funcionaria.<\/p>\n","protected":false},"excerpt":{"rendered":"<p>Se trata de Esteban \u00abYayo\u00bb L\u00f3pez, parte de la banda de \u00abLos Chaque\u00f1os\u00bb, quien operaba con el titular de la feria comercial que se encuentra detenido desde junio. El Ministerio de Seguridad detuvo en la localidad de General Rodr\u00edguez a uno de los principales socios de Jorge Castillo, el \u00abRey de La Salada\u00bb. Se trata&hellip;<\/p>\n","protected":false},"author":1,"featured_media":0,"comment_status":"open","ping_status":"open","sticky":false,"template":"","format":"standard","meta":{"footnotes":""},"categories":[22],"tags":[27300,27302,27301,1317,12977],"class_list":["post-72657","post","type-post","status-publish","format-standard","hentry","category-policiales","tag-albatros","tag-causa-la-salada","tag-esteban-yayo-lopez","tag-general-rodriguez","tag-prefectura-naval"],"_links":{"self":[{"href":"https:\/\/www.elsindical.com.ar\/notas\/wp-json\/wp\/v2\/posts\/72657","targetHints":{"allow":["GET"]}}],"collection":[{"href":"https:\/\/www.elsindical.com.ar\/notas\/wp-json\/wp\/v2\/posts"}],"about":[{"href":"https:\/\/www.elsindical.com.ar\/notas\/wp-json\/wp\/v2\/types\/post"}],"author":[{"embeddable":true,"href":"https:\/\/www.elsindical.com.ar\/notas\/wp-json\/wp\/v2\/users\/1"}],"replies":[{"embeddable":true,"href":"https:\/\/www.elsindical.com.ar\/notas\/wp-json\/wp\/v2\/comments?post=72657"}],"version-history":[{"count":1,"href":"https:\/\/www.elsindical.com.ar\/notas\/wp-json\/wp\/v2\/posts\/72657\/revisions"}],"predecessor-version":[{"id":72659,"href":"https:\/\/www.elsindical.com.ar\/notas\/wp-json\/wp\/v2\/posts\/72657\/revisions\/72659"}],"wp:attachment":[{"href":"https:\/\/www.elsindical.com.ar\/notas\/wp-json\/wp\/v2\/media?parent=72657"}],"wp:term":[{"taxonomy":"category","embeddable":true,"href":"https:\/\/www.elsindical.com.ar\/notas\/wp-json\/wp\/v2\/categories?post=72657"},{"taxonomy":"post_tag","embeddable":true,"href":"https:\/\/www.elsindical.com.ar\/notas\/wp-json\/wp\/v2\/tags?post=72657"}],"curies":[{"name":"wp","href":"https:\/\/api.w.org\/{rel}","templated":true}]}}