{"id":72640,"date":"2017-10-03T22:09:26","date_gmt":"2017-10-04T01:09:26","guid":{"rendered":"http:\/\/www.elsindical.com.ar\/notas\/?p=72640"},"modified":"2017-10-03T22:09:26","modified_gmt":"2017-10-04T01:09:26","slug":"conferencia-de-prensa-movimientos-sociales","status":"publish","type":"post","link":"https:\/\/www.elsindical.com.ar\/notas\/conferencia-de-prensa-movimientos-sociales\/","title":{"rendered":"CONFERENCIA de PRENSA-MOVIMIENTOS SOCIALES"},"content":{"rendered":"<div id=\"yui_3_16_0_ym19_1_1507064131560_2905\"><b id=\"yui_3_16_0_ym19_1_1507064131560_2906\"><span id=\"yui_3_16_0_ym19_1_1507064131560_2907\"><a href=\"http:\/\/www.elsindical.com.ar\/notas\/var\/www\/html\/notas\/wp-content\/uploads\/2017\/10\/IMG-20171002-WA0027.jpg\"><img loading=\"lazy\" decoding=\"async\" class=\"alignnone size-medium wp-image-72641\" src=\"http:\/\/www.elsindical.com.ar\/notas\/var\/www\/html\/notas\/wp-content\/uploads\/2017\/10\/IMG-20171002-WA0027-300x190.jpg\" alt=\"\" width=\"300\" height=\"190\" srcset=\"https:\/\/www.elsindical.com.ar\/notas\/var\/www\/html\/notas\/wp-content\/uploads\/2017\/10\/IMG-20171002-WA0027-300x190.jpg 300w, https:\/\/www.elsindical.com.ar\/notas\/var\/www\/html\/notas\/wp-content\/uploads\/2017\/10\/IMG-20171002-WA0027.jpg 443w\" sizes=\"auto, (max-width: 300px) 100vw, 300px\" \/><\/a>CONFERENCIA MOVIMIENTOS SOCIALES<\/span><\/b><\/div>\n<div id=\"yui_3_16_0_ym19_1_1507064131560_2905\"><b>\u00a0<\/b><\/div>\n<div id=\"yui_3_16_0_ym19_1_1507064131560_2909\"><b id=\"yui_3_16_0_ym19_1_1507064131560_2910\"><span id=\"yui_3_16_0_ym19_1_1507064131560_2911\">\u00a0 \u00a0Los Movimientos sociales Confederaci\u00f3n de Trabajadores de la Econom\u00eda Popular, CTEP, Corriente Clasista y Combativa, CCC, y Barrios de Pie de Lomas de Zamora dar\u00e1n una conferencia de prensa este mi\u00e9rcoles 4 de octubre a las 17:00 hs en la sede de la Asociaci\u00f3n Judicial Bonaerense- Hip\u00f3lito Yrigoyen 8138<\/span><\/b><\/div>\n<div id=\"yui_3_16_0_ym19_1_1507064131560_2909\"><b>\u00a0<\/b><\/div>\n<div id=\"yui_3_16_0_ym19_1_1507064131560_2913\"><span id=\"yui_3_16_0_ym19_1_1507064131560_2914\">\u00a0 \u00a0Las organizaciones Sociales, CTEP, Barrios de Pie y CCC, brindar\u00e1n una conferencia de prensa este mi\u00e9rcoles 4 de octubre a las 17:00 hs en la sede de la Asociaci\u00f3n Judicial Bonaerense en el marco de la presentaci\u00f3n en conjunto en el HCD de Lomas de Zamora de tres proyectos de Ordenanza para que en el Municipio de Lomas de Zamora se declare la Emergencia alimentaria; Emergencia social; y el Acceso justo al h\u00e1bitat.<\/span><\/div>\n<div><\/div>\n<div id=\"yui_3_16_0_ym19_1_1507064131560_2916\" dir=\"ltr\"><span id=\"yui_3_16_0_ym19_1_1507064131560_2917\">\u00a0 \u00a0Las organizaciones que trabajamos todos los d\u00edas en los barrios queremos discutir la agenda social para los sectores m\u00e1s postergados.<\/span><\/div>\n<div id=\"yui_3_16_0_ym19_1_1507064131560_2916\" dir=\"ltr\"><\/div>\n<div id=\"yui_3_16_0_ym19_1_1507064131560_2916\" dir=\"ltr\">CONTACTO:<\/div>\n<div id=\"yui_3_16_0_ym19_1_1507064131560_2916\" dir=\"ltr\">11 5721 6245: Nahuel Narduzzo, secretario general de Libres del Sur<\/div>\n","protected":false},"excerpt":{"rendered":"<p>CONFERENCIA MOVIMIENTOS SOCIALES \u00a0 \u00a0 \u00a0Los Movimientos sociales Confederaci\u00f3n de Trabajadores de la Econom\u00eda Popular, CTEP, Corriente Clasista y Combativa, CCC, y Barrios de Pie de Lomas de Zamora dar\u00e1n una conferencia de prensa este mi\u00e9rcoles 4 de octubre a las 17:00 hs en la sede de la Asociaci\u00f3n Judicial Bonaerense- Hip\u00f3lito Yrigoyen 8138 \u00a0&hellip;<\/p>\n","protected":false},"author":1,"featured_media":0,"comment_status":"open","ping_status":"open","sticky":false,"template":"","format":"standard","meta":{"footnotes":""},"categories":[25],"tags":[12209,24120,16587,744],"class_list":["post-72640","post","type-post","status-publish","format-standard","hentry","category-sociedad","tag-ccc","tag-ctep","tag-hcd","tag-lomas-de-zamora"],"_links":{"self":[{"href":"https:\/\/www.elsindical.com.ar\/notas\/wp-json\/wp\/v2\/posts\/72640","targetHints":{"allow":["GET"]}}],"collection":[{"href":"https:\/\/www.elsindical.com.ar\/notas\/wp-json\/wp\/v2\/posts"}],"about":[{"href":"https:\/\/www.elsindical.com.ar\/notas\/wp-json\/wp\/v2\/types\/post"}],"author":[{"embeddable":true,"href":"https:\/\/www.elsindical.com.ar\/notas\/wp-json\/wp\/v2\/users\/1"}],"replies":[{"embeddable":true,"href":"https:\/\/www.elsindical.com.ar\/notas\/wp-json\/wp\/v2\/comments?post=72640"}],"version-history":[{"count":1,"href":"https:\/\/www.elsindical.com.ar\/notas\/wp-json\/wp\/v2\/posts\/72640\/revisions"}],"predecessor-version":[{"id":72642,"href":"https:\/\/www.elsindical.com.ar\/notas\/wp-json\/wp\/v2\/posts\/72640\/revisions\/72642"}],"wp:attachment":[{"href":"https:\/\/www.elsindical.com.ar\/notas\/wp-json\/wp\/v2\/media?parent=72640"}],"wp:term":[{"taxonomy":"category","embeddable":true,"href":"https:\/\/www.elsindical.com.ar\/notas\/wp-json\/wp\/v2\/categories?post=72640"},{"taxonomy":"post_tag","embeddable":true,"href":"https:\/\/www.elsindical.com.ar\/notas\/wp-json\/wp\/v2\/tags?post=72640"}],"curies":[{"name":"wp","href":"https:\/\/api.w.org\/{rel}","templated":true}]}}