{"id":72637,"date":"2017-10-03T15:58:27","date_gmt":"2017-10-03T18:58:27","guid":{"rendered":"http:\/\/www.elsindical.com.ar\/notas\/?p=72637"},"modified":"2017-10-03T15:58:27","modified_gmt":"2017-10-03T18:58:27","slug":"el-sector-ladrillero-vive-un-momento-critico-aseguro-el-lider-de-uolra","status":"publish","type":"post","link":"https:\/\/www.elsindical.com.ar\/notas\/el-sector-ladrillero-vive-un-momento-critico-aseguro-el-lider-de-uolra\/","title":{"rendered":"\u201cEl sector ladrillero vive un momento cr\u00edtico\u201d, asegur\u00f3 el l\u00edder de UOLRA"},"content":{"rendered":"<p class=\"copete\"><em>\u00a0\u00a0<a href=\"http:\/\/www.elsindical.com.ar\/notas\/var\/www\/html\/notas\/wp-content\/uploads\/2017\/10\/ladrillos-f\u00e1brica.jpg\"><img loading=\"lazy\" decoding=\"async\" class=\"alignnone size-medium wp-image-72638\" src=\"http:\/\/www.elsindical.com.ar\/notas\/var\/www\/html\/notas\/wp-content\/uploads\/2017\/10\/ladrillos-f\u00e1brica-300x176.jpg\" alt=\"\" width=\"300\" height=\"176\" srcset=\"https:\/\/www.elsindical.com.ar\/notas\/var\/www\/html\/notas\/wp-content\/uploads\/2017\/10\/ladrillos-f\u00e1brica-300x176.jpg 300w, https:\/\/www.elsindical.com.ar\/notas\/var\/www\/html\/notas\/wp-content\/uploads\/2017\/10\/ladrillos-f\u00e1brica-500x293.jpg 500w, https:\/\/www.elsindical.com.ar\/notas\/var\/www\/html\/notas\/wp-content\/uploads\/2017\/10\/ladrillos-f\u00e1brica.jpg 690w\" sizes=\"auto, (max-width: 300px) 100vw, 300px\" \/><\/a> Luis C\u00e1ceres expres\u00f3 su preocupaci\u00f3n por la actualidad laboral de sus representados, durante la inauguraci\u00f3n de la obra social en la provincia de Chaco.<\/em><\/p>\n<p class=\"copete\">El secretario general de la Uni\u00f3n Obrera Ladrillera de la Rep\u00fablica Argentina (UOLRA), Luis C\u00e1ceres, asegur\u00f3 que \u00abel sector ladrillero vive un momento cr\u00edtico\u00bb con trabajadores \u00abpreocupados por ver c\u00f3mo llegan a fin de mes\u00bb.<\/p>\n<p>\u00abNo realizan obras particulares, adem\u00e1s la inversi\u00f3n privada no repunta y el Gobierno nacional piensa en traer f\u00e1bricas premoldeadas de China. Cuando recorremos el pa\u00eds vemos que el momento que vivimos es muy cr\u00edtico\u00bb, afirm\u00f3 el dirigente sindical.<\/p>\n<p>C\u00e1ceres realiz\u00f3 declaraciones durante la inauguraci\u00f3n de la sede de la Obra Social de UOLRA en Resistencia, Chaco, acompa\u00f1ado por el intendente municipal Jorge Capitanich, el subsecretario de Derechos Humanos de la provincia, Juan Carlos Goya, la secretaria general de la CGT regional, Graciela Aranda, y Osvaldo Chiaramonte, secretario General Movimiento Evita Chaco.<\/p>\n<p>\u00abEs un d\u00eda muy importante porque cumplimos un objetivo que nos hab\u00edamos trazado cuando asumimos la conducci\u00f3n del sindicato, el cual era organizar delegaciones en todas las provincias donde hubiera actividad ladrillera\u00bb, expres\u00f3 el l\u00edder sindical a Diario TAG.<\/p>\n","protected":false},"excerpt":{"rendered":"<p>\u00a0\u00a0 Luis C\u00e1ceres expres\u00f3 su preocupaci\u00f3n por la actualidad laboral de sus representados, durante la inauguraci\u00f3n de la obra social en la provincia de Chaco. El secretario general de la Uni\u00f3n Obrera Ladrillera de la Rep\u00fablica Argentina (UOLRA), Luis C\u00e1ceres, asegur\u00f3 que \u00abel sector ladrillero vive un momento cr\u00edtico\u00bb con trabajadores \u00abpreocupados por ver c\u00f3mo&hellip;<\/p>\n","protected":false},"author":1,"featured_media":0,"comment_status":"open","ping_status":"open","sticky":false,"template":"","format":"standard","meta":{"footnotes":""},"categories":[16],"tags":[910,255,27290,27289],"class_list":["post-72637","post","type-post","status-publish","format-standard","hentry","category-gremiales","tag-cgt","tag-chaco","tag-sector-ladrillero","tag-uolra"],"_links":{"self":[{"href":"https:\/\/www.elsindical.com.ar\/notas\/wp-json\/wp\/v2\/posts\/72637","targetHints":{"allow":["GET"]}}],"collection":[{"href":"https:\/\/www.elsindical.com.ar\/notas\/wp-json\/wp\/v2\/posts"}],"about":[{"href":"https:\/\/www.elsindical.com.ar\/notas\/wp-json\/wp\/v2\/types\/post"}],"author":[{"embeddable":true,"href":"https:\/\/www.elsindical.com.ar\/notas\/wp-json\/wp\/v2\/users\/1"}],"replies":[{"embeddable":true,"href":"https:\/\/www.elsindical.com.ar\/notas\/wp-json\/wp\/v2\/comments?post=72637"}],"version-history":[{"count":1,"href":"https:\/\/www.elsindical.com.ar\/notas\/wp-json\/wp\/v2\/posts\/72637\/revisions"}],"predecessor-version":[{"id":72639,"href":"https:\/\/www.elsindical.com.ar\/notas\/wp-json\/wp\/v2\/posts\/72637\/revisions\/72639"}],"wp:attachment":[{"href":"https:\/\/www.elsindical.com.ar\/notas\/wp-json\/wp\/v2\/media?parent=72637"}],"wp:term":[{"taxonomy":"category","embeddable":true,"href":"https:\/\/www.elsindical.com.ar\/notas\/wp-json\/wp\/v2\/categories?post=72637"},{"taxonomy":"post_tag","embeddable":true,"href":"https:\/\/www.elsindical.com.ar\/notas\/wp-json\/wp\/v2\/tags?post=72637"}],"curies":[{"name":"wp","href":"https:\/\/api.w.org\/{rel}","templated":true}]}}