{"id":72604,"date":"2017-10-02T11:20:01","date_gmt":"2017-10-02T14:20:01","guid":{"rendered":"http:\/\/www.elsindical.com.ar\/notas\/?p=72604"},"modified":"2017-10-02T11:20:01","modified_gmt":"2017-10-02T14:20:01","slug":"denuncian-el-secuestro-de-un-funcionario-porteno-en-llavallol-y-liberado-en-la-matanza","status":"publish","type":"post","link":"https:\/\/www.elsindical.com.ar\/notas\/denuncian-el-secuestro-de-un-funcionario-porteno-en-llavallol-y-liberado-en-la-matanza\/","title":{"rendered":"Denuncian el secuestro de un funcionario porte\u00f1o en Llavallol y liberado en La Matanza"},"content":{"rendered":"<p><em>\u00a0\u00a0<a href=\"http:\/\/www.elsindical.com.ar\/notas\/var\/www\/html\/notas\/wp-content\/uploads\/2017\/10\/Mat\u00edas-Lauandos-2.jpg\"><img loading=\"lazy\" decoding=\"async\" class=\"alignnone size-medium wp-image-72605\" src=\"http:\/\/www.elsindical.com.ar\/notas\/var\/www\/html\/notas\/wp-content\/uploads\/2017\/10\/Mat\u00edas-Lauandos-2-285x300.jpg\" alt=\"\" width=\"285\" height=\"300\" srcset=\"https:\/\/www.elsindical.com.ar\/notas\/var\/www\/html\/notas\/wp-content\/uploads\/2017\/10\/Mat\u00edas-Lauandos-2-285x300.jpg 285w, https:\/\/www.elsindical.com.ar\/notas\/var\/www\/html\/notas\/wp-content\/uploads\/2017\/10\/Mat\u00edas-Lauandos-2.jpg 312w\" sizes=\"auto, (max-width: 285px) 100vw, 285px\" \/><\/a> El jefe de Seguridad del Instituto de la Vivivienda porte\u00f1o fue v\u00edctima de un secuestro este s\u00e1bado por la noche en Llavallol y liberado, tres horas m\u00e1s tarde, tras el pago de un rescate, en la zona de Puente 12, en el partido de La Matanza.<\/em><\/p>\n<p>La v\u00edctima fue identificada como Mat\u00edas Lauandos, de 31 a\u00f1os, funcionario porte\u00f1o. Hab\u00eda concurrido a Adrogu\u00e9, este s\u00e1bado por la noche, al recitar de La Bersuit con el que el Municipio de Almirante Brown cerraba la celebraci\u00f3n de su aniversario.<\/p>\n<p>Cuando Lauandos regresaba, por la avenida Fr\u00edas, a la altura de Llavallol, en Lomas de Zamora, cuatro hombres armados interceptaron su camioneta y lo obligaron a bajar. El funcionario estaba hablando por celular cuando fue capturado por lo que una persona escuch\u00f3 el comienzo del secuestro. Eran cerca de las 23:00.<\/p>\n<p>Seg\u00fan trascendi\u00f3, los delincuentes pasaron a otro auto y dejaron abandonada la camioneta de Lauandos. A la media hora, su familia comenz\u00f3 a recibir pedidos de rescate.<\/p>\n<p>La negociaci\u00f3n dur\u00f3 cerca de tres horas. Alrededor de las 02:00 de la madrugada de este domingo, el funcionario del Instituto de la Vivienda de la Ciudad de Buenos Aires fue liberado en la zona de Puente 12, en el partido de La Matanza. Su familia pag\u00f3 previamente el rescate.<\/p>\n<p>La causa es investigada por el Juzgado Federal 2 de Lomas de Zamora.<\/p>\n","protected":false},"excerpt":{"rendered":"<p>\u00a0\u00a0 El jefe de Seguridad del Instituto de la Vivivienda porte\u00f1o fue v\u00edctima de un secuestro este s\u00e1bado por la noche en Llavallol y liberado, tres horas m\u00e1s tarde, tras el pago de un rescate, en la zona de Puente 12, en el partido de La Matanza. La v\u00edctima fue identificada como Mat\u00edas Lauandos, de&hellip;<\/p>\n","protected":false},"author":1,"featured_media":0,"comment_status":"open","ping_status":"open","sticky":false,"template":"","format":"standard","meta":{"footnotes":""},"categories":[22],"tags":[1341,27280,1401,21017,27279,503],"class_list":["post-72604","post","type-post","status-publish","format-standard","hentry","category-policiales","tag-ciudad-de-buenos-aires","tag-instituto-de-la-vivienda","tag-la-matanza","tag-llavallol","tag-martin-lauandos","tag-secuestro"],"_links":{"self":[{"href":"https:\/\/www.elsindical.com.ar\/notas\/wp-json\/wp\/v2\/posts\/72604","targetHints":{"allow":["GET"]}}],"collection":[{"href":"https:\/\/www.elsindical.com.ar\/notas\/wp-json\/wp\/v2\/posts"}],"about":[{"href":"https:\/\/www.elsindical.com.ar\/notas\/wp-json\/wp\/v2\/types\/post"}],"author":[{"embeddable":true,"href":"https:\/\/www.elsindical.com.ar\/notas\/wp-json\/wp\/v2\/users\/1"}],"replies":[{"embeddable":true,"href":"https:\/\/www.elsindical.com.ar\/notas\/wp-json\/wp\/v2\/comments?post=72604"}],"version-history":[{"count":1,"href":"https:\/\/www.elsindical.com.ar\/notas\/wp-json\/wp\/v2\/posts\/72604\/revisions"}],"predecessor-version":[{"id":72606,"href":"https:\/\/www.elsindical.com.ar\/notas\/wp-json\/wp\/v2\/posts\/72604\/revisions\/72606"}],"wp:attachment":[{"href":"https:\/\/www.elsindical.com.ar\/notas\/wp-json\/wp\/v2\/media?parent=72604"}],"wp:term":[{"taxonomy":"category","embeddable":true,"href":"https:\/\/www.elsindical.com.ar\/notas\/wp-json\/wp\/v2\/categories?post=72604"},{"taxonomy":"post_tag","embeddable":true,"href":"https:\/\/www.elsindical.com.ar\/notas\/wp-json\/wp\/v2\/tags?post=72604"}],"curies":[{"name":"wp","href":"https:\/\/api.w.org\/{rel}","templated":true}]}}