{"id":726,"date":"2009-09-30T09:15:57","date_gmt":"2009-09-30T12:15:57","guid":{"rendered":"http:\/\/www.elsindical.com.ar\/notas\/?p=726"},"modified":"2009-09-30T09:15:57","modified_gmt":"2009-09-30T12:15:57","slug":"trabajadores-de-la-direccion-general-de-estadistica-y-censos-de-la-c-a-b-a-denuncian-precarizacion-y-represalias","status":"publish","type":"post","link":"https:\/\/www.elsindical.com.ar\/notas\/trabajadores-de-la-direccion-general-de-estadistica-y-censos-de-la-c-a-b-a-denuncian-precarizacion-y-represalias\/","title":{"rendered":"Trabajadores de la Direcci\u00f3n General de Estad\u00edstica y Censos de la C.A.B.A. denuncian precarizaci\u00f3n y represalias"},"content":{"rendered":"<p style=\"text-align: justify;\"><img loading=\"lazy\" decoding=\"async\" class=\"alignleft size-full wp-image-727\" title=\"Direcci\u00f3n-General-de-Estad\u00ed\" src=\"http:\/\/www.elsindical.com.ar\/notas\/var\/www\/html\/notas\/wp-content\/uploads\/2009\/09\/Direcci\u00f3n-General-de-Estad\u00ed.jpg\" alt=\"Direcci\u00f3n-General-de-Estad\u00ed\" width=\"255\" height=\"234\" \/>Reproducimos comunicado de prensa:<\/p>\n<p style=\"text-align: justify;\">Denunciamos las represalias llevadas adelante contra los trabajadores por la direcci\u00f3n de estad\u00edstica y censos del Gobierno de la Ciudad de Buenos Aires en el operativo Encuesta Anual de Hogares 2009.<\/p>\n<p style=\"text-align: justify;\">Somos un grupo de encuestadores, recuperadores, editores y supervisores, que venimos desarrollando tareas en distintos operativos para el Gobierno de la Ciudad, bajo una modalidad de contrataci\u00f3n precaria.<\/p>\n<p style=\"text-align: justify;\">En el operativo de la Encuesta \u00abVictimizaci\u00f3n, percepci\u00f3n de la seguridad y evaluaci\u00f3n del desempe\u00f1o de las fuerzas policiales\u00bb -realizado de abril a agosto de 2009- debido al atraso en el pago a los encuestadores, agravado por la salida a campo sin firma de contrato, llevamos adelante una medida de fuerza que consisti\u00f3 en un paro de actividades.<\/p>\n<p style=\"text-align: justify;\">Durante esta medida, fuimos reiteradamente advertidos sobre nuestra condici\u00f3n de trabajadores precarizados y las consecuencias que podr\u00edamos sufrir si persist\u00edamos en esta actitud.<\/p>\n<p style=\"text-align: justify;\">Las represalias se hicieron efectivas durante la convocatoria para la Encuesta Anual de Hogares, de la cual qued\u00f3 excluida una compa\u00f1era se\u00f1alada como una de las promotoras de la medida. Un grupo de trabajadores solicitamos a la coordinaci\u00f3n que revierta esta arbitraria decisi\u00f3n. Sin embargo, no s\u00f3lo se sostuvo la exclusi\u00f3n de la compa\u00f1era, sino que quienes fuimos a plantear nuestro desacuerdo hemos sido bajados del operativo para el que ya se nos hab\u00eda convocado.<\/p>\n<p style=\"text-align: justify;\">La EAH se realiza ininterrumpidamente desde 2002, siendo la m\u00e1s importante de la Direcci\u00f3n General de Estad\u00edstica y Censos, en la que muchos de nosotros venimos trabajando hace varios a\u00f1os formando un equipo altamente capacitado.<\/p>\n<p style=\"text-align: justify;\"><em>Exigimos:<\/em><\/p>\n<p style=\"text-align: justify;\">\u00a0La reincorporaci\u00f3n de todos los compa\u00f1eros a sus puestos de trabajo.<\/p>\n<p style=\"text-align: justify;\">\u00a0Basta de trabajo precarizado en el Gobierno de la Ciudad.<\/p>\n<p style=\"text-align: justify;\"><strong>Trabajadores de la Direcci\u00f3n General de Estad\u00edstica y Censos de la C.A.B.A.<\/strong><\/p>\n<p style=\"text-align: justify;\"><strong>Contacto:<\/strong><\/p>\n<p style=\"text-align: justify;\">\u00a0<em>Diego:<\/em> 1536558593<\/p>\n<p style=\"text-align: justify;\">\u00a0<em>Rodrigo:<\/em> 1565625961<\/p>\n<p style=\"text-align: justify;\">\u00a0<em>Mail:<\/em> t<a href=\"http:\/\/trabajadores_estadistica@yahoo.com.ar\">rabajadores_estadistica@yahoo.com.ar<\/a><\/p>\n","protected":false},"excerpt":{"rendered":"<p>Reproducimos comunicado de prensa: Denunciamos las represalias llevadas adelante contra los trabajadores por la direcci\u00f3n de estad\u00edstica y censos del Gobierno de la Ciudad de Buenos Aires en el operativo Encuesta Anual de Hogares 2009. Somos un grupo de encuestadores, recuperadores, editores y supervisores, que venimos desarrollando tareas en distintos operativos para el Gobierno de&hellip;<\/p>\n","protected":false},"author":1,"featured_media":0,"comment_status":"open","ping_status":"open","sticky":false,"template":"","format":"standard","meta":{"footnotes":""},"categories":[6],"tags":[430,175,429,125],"class_list":["post-726","post","type-post","status-publish","format-standard","hentry","category-denuncias","tag-comunicado-de-prensa","tag-denuncia","tag-represalias","tag-trabajadores"],"_links":{"self":[{"href":"https:\/\/www.elsindical.com.ar\/notas\/wp-json\/wp\/v2\/posts\/726","targetHints":{"allow":["GET"]}}],"collection":[{"href":"https:\/\/www.elsindical.com.ar\/notas\/wp-json\/wp\/v2\/posts"}],"about":[{"href":"https:\/\/www.elsindical.com.ar\/notas\/wp-json\/wp\/v2\/types\/post"}],"author":[{"embeddable":true,"href":"https:\/\/www.elsindical.com.ar\/notas\/wp-json\/wp\/v2\/users\/1"}],"replies":[{"embeddable":true,"href":"https:\/\/www.elsindical.com.ar\/notas\/wp-json\/wp\/v2\/comments?post=726"}],"version-history":[{"count":2,"href":"https:\/\/www.elsindical.com.ar\/notas\/wp-json\/wp\/v2\/posts\/726\/revisions"}],"predecessor-version":[{"id":729,"href":"https:\/\/www.elsindical.com.ar\/notas\/wp-json\/wp\/v2\/posts\/726\/revisions\/729"}],"wp:attachment":[{"href":"https:\/\/www.elsindical.com.ar\/notas\/wp-json\/wp\/v2\/media?parent=726"}],"wp:term":[{"taxonomy":"category","embeddable":true,"href":"https:\/\/www.elsindical.com.ar\/notas\/wp-json\/wp\/v2\/categories?post=726"},{"taxonomy":"post_tag","embeddable":true,"href":"https:\/\/www.elsindical.com.ar\/notas\/wp-json\/wp\/v2\/tags?post=726"}],"curies":[{"name":"wp","href":"https:\/\/api.w.org\/{rel}","templated":true}]}}