{"id":72410,"date":"2017-09-26T07:32:35","date_gmt":"2017-09-26T10:32:35","guid":{"rendered":"http:\/\/www.elsindical.com.ar\/notas\/?p=72410"},"modified":"2017-09-26T07:32:35","modified_gmt":"2017-09-26T10:32:35","slug":"efemerides-del-dia-26-de-septiembre-4","status":"publish","type":"post","link":"https:\/\/www.elsindical.com.ar\/notas\/efemerides-del-dia-26-de-septiembre-4\/","title":{"rendered":"EFEM\u00c9RIDES: DEL D\u00cdA 26 DE SEPTIEMBRE"},"content":{"rendered":"<p>D\u00eda del Empleado de Comercio (en Argentina)<\/p>\n<p>\u2013 D\u00eda Internacional para la Eliminaci\u00f3n Total de las Armas Nucleares<\/p>\n<p>D\u00eda Mundial de Prevenci\u00f3n del Embarazo no Planificado en Adolescentes<\/p>\n<p>1758 \u2013 Nace el Dr. Cosme Argerich, fundador de la Escuela de Medicina de Buenos Aires.<\/p>\n<p>1820 \u2013 Muere Daniel Boone.<\/p>\n<p>1868 \u2013 Muere August Ferdinand Mobius, matem\u00e1tico alem\u00e1n.<\/p>\n<p>1888 \u2013 Nace T.S. Elliot, poeta, dramaturgo y cr\u00edtico.<\/p>\n<p>1897 \u2013 Nace Giovanni Battista Montini, desde 1963 fue el Papa Pablo VI.<\/p>\n<p>1898 \u2013 Nace George Gershwin, compositor.<\/p>\n<p>1937 \u2013 Muere Bessie Smith, cantante.<\/p>\n<p>1945 \u2013 Nace Brian Ferry, m\u00fasico de rock.<\/p>\n<p>1945 \u2013 Muere Bela Bartok, compositor h\u00fangaro.<\/p>\n<p>1947 \u2013 Nace Olivia Newton-John, cantante y actriz.<\/p>\n<p>1970 \u2013 Nace Marco Etcheverry el \u201cDiablo\u201d, futbolista boliviano.<\/p>\n<p>1972 \u2013 Muere la poetisa argentina Alejandra Pizarnik.<\/p>\n<p>1973 \u2013 El Concorde vuela de Washington DC a Paris en 3h 33m.<\/p>\n<p>1980 \u2013 La Soyuz 38 regresa a la Tierra.<\/p>\n<p>1984 \u2013 Gran Breta\u00f1a y China llegan a un acuerdo para el regreso de Hong Kong a China en 1997.<\/p>\n<p>1990 \u2013 Muere Alberto Moravia, escritor italiano.<\/p>\n<p>1997 -En Rusia, el presidente Bor\u00eds Yeltsin firma la ley de libertad de culto, aunque la Iglesia Ortodoxa mantiene su situaci\u00f3n de privilegio.<\/p>\n<p>2003 \u2013 Muere el cantante ingl\u00e9s Robert Palmer.<\/p>\n<p>2008 \u2013 Muere Paul Newman, actor cinematogr\u00e1fico estadounidense.<\/p>\n<p>2009 \u2013 En Sudam\u00e9rica se constituye el Banco del Sur, integrado por siete pa\u00edses latinoamericanos.<\/p>\n<p>2016 \u2013 Se procede a la firma del acuerdo de paz en La Habana, entre el gobierno colombiano y las FARC, despu\u00e9s de m\u00e1s de cincuenta a\u00f1os de conflicto.<\/p>\n","protected":false},"excerpt":{"rendered":"<p>D\u00eda del Empleado de Comercio (en Argentina) \u2013 D\u00eda Internacional para la Eliminaci\u00f3n Total de las Armas Nucleares D\u00eda Mundial de Prevenci\u00f3n del Embarazo no Planificado en Adolescentes 1758 \u2013 Nace el Dr. Cosme Argerich, fundador de la Escuela de Medicina de Buenos Aires. 1820 \u2013 Muere Daniel Boone. 1868 \u2013 Muere August Ferdinand Mobius,&hellip;<\/p>\n","protected":false},"author":1,"featured_media":0,"comment_status":"open","ping_status":"open","sticky":false,"template":"","format":"standard","meta":{"footnotes":""},"categories":[14],"tags":[],"class_list":["post-72410","post","type-post","status-publish","format-standard","hentry","category-efemerides"],"_links":{"self":[{"href":"https:\/\/www.elsindical.com.ar\/notas\/wp-json\/wp\/v2\/posts\/72410","targetHints":{"allow":["GET"]}}],"collection":[{"href":"https:\/\/www.elsindical.com.ar\/notas\/wp-json\/wp\/v2\/posts"}],"about":[{"href":"https:\/\/www.elsindical.com.ar\/notas\/wp-json\/wp\/v2\/types\/post"}],"author":[{"embeddable":true,"href":"https:\/\/www.elsindical.com.ar\/notas\/wp-json\/wp\/v2\/users\/1"}],"replies":[{"embeddable":true,"href":"https:\/\/www.elsindical.com.ar\/notas\/wp-json\/wp\/v2\/comments?post=72410"}],"version-history":[{"count":1,"href":"https:\/\/www.elsindical.com.ar\/notas\/wp-json\/wp\/v2\/posts\/72410\/revisions"}],"predecessor-version":[{"id":72411,"href":"https:\/\/www.elsindical.com.ar\/notas\/wp-json\/wp\/v2\/posts\/72410\/revisions\/72411"}],"wp:attachment":[{"href":"https:\/\/www.elsindical.com.ar\/notas\/wp-json\/wp\/v2\/media?parent=72410"}],"wp:term":[{"taxonomy":"category","embeddable":true,"href":"https:\/\/www.elsindical.com.ar\/notas\/wp-json\/wp\/v2\/categories?post=72410"},{"taxonomy":"post_tag","embeddable":true,"href":"https:\/\/www.elsindical.com.ar\/notas\/wp-json\/wp\/v2\/tags?post=72410"}],"curies":[{"name":"wp","href":"https:\/\/api.w.org\/{rel}","templated":true}]}}