{"id":72405,"date":"2017-09-25T15:22:32","date_gmt":"2017-09-25T18:22:32","guid":{"rendered":"http:\/\/www.elsindical.com.ar\/notas\/?p=72405"},"modified":"2017-09-25T15:22:32","modified_gmt":"2017-09-25T18:22:32","slug":"murio-juan-gentile-subsecretario-de-comunicacion-publica","status":"publish","type":"post","link":"https:\/\/www.elsindical.com.ar\/notas\/murio-juan-gentile-subsecretario-de-comunicacion-publica\/","title":{"rendered":"Muri\u00f3 Juan Gentile, subsecretario de Comunicaci\u00f3n P\u00fablica"},"content":{"rendered":"<p><em>\u00a0 <a href=\"http:\/\/www.elsindical.com.ar\/notas\/var\/www\/html\/notas\/wp-content\/uploads\/2017\/09\/Juan-Gentile.jpg\"><img loading=\"lazy\" decoding=\"async\" class=\"alignnone size-medium wp-image-72406\" src=\"http:\/\/www.elsindical.com.ar\/notas\/var\/www\/html\/notas\/wp-content\/uploads\/2017\/09\/Juan-Gentile-300x169.jpg\" alt=\"\" width=\"300\" height=\"169\" srcset=\"https:\/\/www.elsindical.com.ar\/notas\/var\/www\/html\/notas\/wp-content\/uploads\/2017\/09\/Juan-Gentile-300x169.jpg 300w, https:\/\/www.elsindical.com.ar\/notas\/var\/www\/html\/notas\/wp-content\/uploads\/2017\/09\/Juan-Gentile-768x432.jpg 768w, https:\/\/www.elsindical.com.ar\/notas\/var\/www\/html\/notas\/wp-content\/uploads\/2017\/09\/Juan-Gentile-500x281.jpg 500w, https:\/\/www.elsindical.com.ar\/notas\/var\/www\/html\/notas\/wp-content\/uploads\/2017\/09\/Juan-Gentile.jpg 829w\" sizes=\"auto, (max-width: 300px) 100vw, 300px\" \/><\/a>Ten\u00eda 34 a\u00f1os y se desempe\u00f1\u00f3 como jefe de prensa del PRO y del bloque de Diputados PRO.<\/em><\/p>\n<p>El subsecretario de Comunicaci\u00f3n P\u00fablica, Juan Gentile, falleci\u00f3 hoy a los 34 a\u00f1os, producto de una larga enfermedad.<\/p>\n<p>Gentile era el segundo de Jorge Grecco, actual secretario de Comunicaci\u00f3n P\u00fablica.<\/p>\n<p>Nacido en 9 de Julio, se recibi\u00f3 de licenciado en Ciencias Pol\u00edticas de la UCA, adem\u00e1s de estudiar en la Universidad Complutense de Madrid y The George Washington University.<\/p>\n<p>Entre 2008 y 2012 se desempe\u00f1\u00f3 como jefe de Prensa Bloque de Diputados PRO (Propuesta Republicana) en el Congreso de la Naci\u00f3n, \u00a0a la vez que entre 2005 y 2014 se desempe\u00f1\u00f3 como asesor en comunicaci\u00f3n integral para entidades p\u00fablicas, privadas, dirigentes, empresarios y otros.<\/p>\n<div class=\"content-banner\"><\/div>\n<p>De 2012 a 2015 fue jefe de Prensa del Pro (Propuesta Republicana). Conocido en el \u00e1mbito pol\u00edtico como \u2018Juano\u2018, fue vocero de Federico Pinedo y hombre de confianza de uno de los armadores del PRO y hoy jefe de Gabinete, Marcos Pe\u00f1a.<\/p>\n","protected":false},"excerpt":{"rendered":"<p>\u00a0 Ten\u00eda 34 a\u00f1os y se desempe\u00f1\u00f3 como jefe de prensa del PRO y del bloque de Diputados PRO. El subsecretario de Comunicaci\u00f3n P\u00fablica, Juan Gentile, falleci\u00f3 hoy a los 34 a\u00f1os, producto de una larga enfermedad. Gentile era el segundo de Jorge Grecco, actual secretario de Comunicaci\u00f3n P\u00fablica. Nacido en 9 de Julio, se&hellip;<\/p>\n","protected":false},"author":1,"featured_media":0,"comment_status":"open","ping_status":"open","sticky":false,"template":"","format":"standard","meta":{"footnotes":""},"categories":[24],"tags":[27216,328,9892],"class_list":["post-72405","post","type-post","status-publish","format-standard","hentry","category-sociales","tag-juan-gentile","tag-pro","tag-uca"],"_links":{"self":[{"href":"https:\/\/www.elsindical.com.ar\/notas\/wp-json\/wp\/v2\/posts\/72405","targetHints":{"allow":["GET"]}}],"collection":[{"href":"https:\/\/www.elsindical.com.ar\/notas\/wp-json\/wp\/v2\/posts"}],"about":[{"href":"https:\/\/www.elsindical.com.ar\/notas\/wp-json\/wp\/v2\/types\/post"}],"author":[{"embeddable":true,"href":"https:\/\/www.elsindical.com.ar\/notas\/wp-json\/wp\/v2\/users\/1"}],"replies":[{"embeddable":true,"href":"https:\/\/www.elsindical.com.ar\/notas\/wp-json\/wp\/v2\/comments?post=72405"}],"version-history":[{"count":1,"href":"https:\/\/www.elsindical.com.ar\/notas\/wp-json\/wp\/v2\/posts\/72405\/revisions"}],"predecessor-version":[{"id":72407,"href":"https:\/\/www.elsindical.com.ar\/notas\/wp-json\/wp\/v2\/posts\/72405\/revisions\/72407"}],"wp:attachment":[{"href":"https:\/\/www.elsindical.com.ar\/notas\/wp-json\/wp\/v2\/media?parent=72405"}],"wp:term":[{"taxonomy":"category","embeddable":true,"href":"https:\/\/www.elsindical.com.ar\/notas\/wp-json\/wp\/v2\/categories?post=72405"},{"taxonomy":"post_tag","embeddable":true,"href":"https:\/\/www.elsindical.com.ar\/notas\/wp-json\/wp\/v2\/tags?post=72405"}],"curies":[{"name":"wp","href":"https:\/\/api.w.org\/{rel}","templated":true}]}}