{"id":72369,"date":"2017-09-24T08:09:19","date_gmt":"2017-09-24T11:09:19","guid":{"rendered":"http:\/\/www.elsindical.com.ar\/notas\/?p=72369"},"modified":"2017-09-24T08:09:19","modified_gmt":"2017-09-24T11:09:19","slug":"ee-uu-lanzo-amenaza-a-corea-del-norte-y-sobrevolo-sus-costas","status":"publish","type":"post","link":"https:\/\/www.elsindical.com.ar\/notas\/ee-uu-lanzo-amenaza-a-corea-del-norte-y-sobrevolo-sus-costas\/","title":{"rendered":"EE.UU. lanz\u00f3 amenaza a Corea del Norte y sobrevol\u00f3 sus costas"},"content":{"rendered":"<p><em><span class=\"text description col-xs-8 col-lg-9\">\u00a0<a href=\"http:\/\/www.elsindical.com.ar\/notas\/var\/www\/html\/notas\/wp-content\/uploads\/2017\/09\/bombarderos-EEUU.jpg\"><img loading=\"lazy\" decoding=\"async\" class=\"alignnone size-medium wp-image-72370\" src=\"http:\/\/www.elsindical.com.ar\/notas\/var\/www\/html\/notas\/wp-content\/uploads\/2017\/09\/bombarderos-EEUU-300x189.jpg\" alt=\"\" width=\"300\" height=\"189\" srcset=\"https:\/\/www.elsindical.com.ar\/notas\/var\/www\/html\/notas\/wp-content\/uploads\/2017\/09\/bombarderos-EEUU-300x189.jpg 300w, https:\/\/www.elsindical.com.ar\/notas\/var\/www\/html\/notas\/wp-content\/uploads\/2017\/09\/bombarderos-EEUU-768x483.jpg 768w, https:\/\/www.elsindical.com.ar\/notas\/var\/www\/html\/notas\/wp-content\/uploads\/2017\/09\/bombarderos-EEUU-477x300.jpg 477w, https:\/\/www.elsindical.com.ar\/notas\/var\/www\/html\/notas\/wp-content\/uploads\/2017\/09\/bombarderos-EEUU.jpg 858w\" sizes=\"auto, (max-width: 300px) 100vw, 300px\" \/><\/a>\u00a0 Crece la tensi\u00f3n entre los Estados Unidos y Corea del Norte. El presidente norteamericano, Donald Trump, lanz\u00f3 nueva amenaza al r\u00e9gimen norcoreano y envi\u00f3 aviones a sobrevolar las costas del pa\u00eds asi\u00e1tico.<\/span><\/em><\/p>\n<p>Bombarderos de los Estados Unidos volaron el s\u00e1bado muy cerca de la costa este de Corea del Norte con el claro objetivo de lanzar una inocultable amenaza y un \u00abmensaje claro\u00bb a Pyongyang, cuyas reiteradas provocaciones y desmedidas ambiciones nucleares degeneraron en un nuevo aumento de la tensi\u00f3n entre ambos pa\u00edses.<\/p>\n<p>El vuelo de los aviones de guerra estadounidenses, se dio justo en momentos en que la comunidad internacional siente creciente temor ante un nuevo ensayo nuclear por parte de Corea del Norte, en un contexto cargado de declaraciones cada vez m\u00e1s insultantes entre el presidente Donald Trump y el dirigente norcoreano Kim Jong-Un.<\/p>\n<p>\u00abEse fue el sitio m\u00e1s al norte de la zona desmilitarizada al que un avi\u00f3n de combate estadounidense o un bombardero sobrevol\u00f3 cerca de las costas norcoreanas en el siglo XXI, destacando as\u00ed hasta qu\u00e9 punto tomamos seriamente el peligroso comportamiento de Corea del Norte\u00bb, dijo en un comunicado la portavoz del Pent\u00e1ngono, Dana White.<\/p>\n<p>La misi\u00f3n efectuada por un bombardero B-1B y un caza F-15 \u00abes una demostraci\u00f3n de la determinaci\u00f3n estadounidense y un mensaje claro de que el presidente dispone de numerosas opciones militares para enfrentar cualquier amenaza\u00bb, dijo White.<\/p>\n<p>\u00abEstamos listos para utilizar todas nuestras capacidades militares para defender a Estados Unidos y a nuestros aliados\u00bb, agreg\u00f3 la funcionaria estadounidense de la Administraci\u00f3n de Donald Trump.<\/p>\n<p>Horas m\u00e1s tarde, el canciller norcoreano Ri Yong Ho atacaba duramente en la ONU a Donald Trump, a quien llam\u00f3 \u00abun trastornado mental que est\u00e1 repleto de megaloman\u00eda\u00bb.<\/p>\n","protected":false},"excerpt":{"rendered":"<p>\u00a0\u00a0 Crece la tensi\u00f3n entre los Estados Unidos y Corea del Norte. El presidente norteamericano, Donald Trump, lanz\u00f3 nueva amenaza al r\u00e9gimen norcoreano y envi\u00f3 aviones a sobrevolar las costas del pa\u00eds asi\u00e1tico. Bombarderos de los Estados Unidos volaron el s\u00e1bado muy cerca de la costa este de Corea del Norte con el claro objetivo&hellip;<\/p>\n","protected":false},"author":1,"featured_media":0,"comment_status":"open","ping_status":"open","sticky":false,"template":"","format":"standard","meta":{"footnotes":""},"categories":[18],"tags":[14691,141],"class_list":["post-72369","post","type-post","status-publish","format-standard","hentry","category-internacionales","tag-corea-del-norte","tag-eeuu"],"_links":{"self":[{"href":"https:\/\/www.elsindical.com.ar\/notas\/wp-json\/wp\/v2\/posts\/72369","targetHints":{"allow":["GET"]}}],"collection":[{"href":"https:\/\/www.elsindical.com.ar\/notas\/wp-json\/wp\/v2\/posts"}],"about":[{"href":"https:\/\/www.elsindical.com.ar\/notas\/wp-json\/wp\/v2\/types\/post"}],"author":[{"embeddable":true,"href":"https:\/\/www.elsindical.com.ar\/notas\/wp-json\/wp\/v2\/users\/1"}],"replies":[{"embeddable":true,"href":"https:\/\/www.elsindical.com.ar\/notas\/wp-json\/wp\/v2\/comments?post=72369"}],"version-history":[{"count":1,"href":"https:\/\/www.elsindical.com.ar\/notas\/wp-json\/wp\/v2\/posts\/72369\/revisions"}],"predecessor-version":[{"id":72371,"href":"https:\/\/www.elsindical.com.ar\/notas\/wp-json\/wp\/v2\/posts\/72369\/revisions\/72371"}],"wp:attachment":[{"href":"https:\/\/www.elsindical.com.ar\/notas\/wp-json\/wp\/v2\/media?parent=72369"}],"wp:term":[{"taxonomy":"category","embeddable":true,"href":"https:\/\/www.elsindical.com.ar\/notas\/wp-json\/wp\/v2\/categories?post=72369"},{"taxonomy":"post_tag","embeddable":true,"href":"https:\/\/www.elsindical.com.ar\/notas\/wp-json\/wp\/v2\/tags?post=72369"}],"curies":[{"name":"wp","href":"https:\/\/api.w.org\/{rel}","templated":true}]}}