{"id":72367,"date":"2017-09-24T07:51:25","date_gmt":"2017-09-24T10:51:25","guid":{"rendered":"http:\/\/www.elsindical.com.ar\/notas\/?p=72367"},"modified":"2017-09-24T07:51:25","modified_gmt":"2017-09-24T10:51:25","slug":"efemerides-del-dia-24-de-septiembre-4","status":"publish","type":"post","link":"https:\/\/www.elsindical.com.ar\/notas\/efemerides-del-dia-24-de-septiembre-4\/","title":{"rendered":"EFEM\u00c9RIDES: DEL D\u00cdA 24 DE SEPTIEMBRE"},"content":{"rendered":"<p>D\u00eda del Colectivero<\/p>\n<p>1541 \u2013 Muere Paracelsus, m\u00e9dico y qu\u00edmico suizo.<\/p>\n<p>1789 \u2013 El congreso de los EEUU crea la Oficina de Correos.<\/p>\n<p>1812 \u2013 Batalla de Tucum\u00e1n: las fuerzas del Gral. Belgrano vencen a las espa\u00f1olas en el Campo de las Carreras.<\/p>\n<p>1845 \u2013 Se organiza el primer equipo de baseball.<\/p>\n<p>1852 \u2013 Se hace la demostraci\u00f3n de un invento, el dirigible.<\/p>\n<p>1869 \u2013 Black Friday (viernes negro): especulaciones sobre le precio del oro causan el p\u00e1nico en Wall Street.<\/p>\n<p>1895 \u2013 Primera vuelta al mundo dada por una mujer en bicicleta (llev\u00f3 15 meses).<\/p>\n<p>1896 \u2013 Nace Francis Scott Key Fitzgerald, escritor.<\/p>\n<p>1920 \u2013 Muere Peter Carl Faberge, orfebre ruso.<\/p>\n<p>1928 \u2013 Aparecen los primeros Colectivos, un invento porte\u00f1o. Desde Plaza de Mayo a Floresta por 20 centavos.<\/p>\n<p>1936 \u2013 Nace Jim Henson, creador de la rana Ren\u00e9 &amp; Miss Piggy.<\/p>\n<p>1941 \u2013 Nace Linda McCartney, m\u00fasica estadounidense.<\/p>\n<p>1954 \u2013 Sale al aire el programa de TV \u201cThe Tonight Show\u201d.<\/p>\n<p>1957 \u2013 La Convenci\u00f3n Reformadora declara en vigencia el texto de la Constituci\u00f3n de 1953.<\/p>\n<p>1979 \u2013 Se inaugura el sistema Compuserve.<\/p>\n<p>1988 \u2013 Ben Johnson gana la carrera de 100 metros en los Juegos de Se\u00fal batiendo el r\u00e9cord mundial (9s 79\/100).<\/p>\n<p>1990 \u2013 El Soviet Supremo aprueba el pasaje al libre mercado.<\/p>\n<p>2004 \u2013 Muere Fran\u00e7oise Sagan, escritora francesa.<\/p>\n<p>2010 \u2013 Muere Jorge \u201cGiant\u201d Gonz\u00e1lez, luchador profesional argentino.<\/p>\n<p>2015 \u2013 En Arabia Saudita ocurre una estampida en La Meca que acaba con la vida de m\u00e1s 700 personas y deja heridas a otras 800.<\/p>\n<p>2016 \u2013 Muere Bill Nunn, actor estadounidense.<\/p>\n","protected":false},"excerpt":{"rendered":"<p>D\u00eda del Colectivero 1541 \u2013 Muere Paracelsus, m\u00e9dico y qu\u00edmico suizo. 1789 \u2013 El congreso de los EEUU crea la Oficina de Correos. 1812 \u2013 Batalla de Tucum\u00e1n: las fuerzas del Gral. Belgrano vencen a las espa\u00f1olas en el Campo de las Carreras. 1845 \u2013 Se organiza el primer equipo de baseball. 1852 \u2013 Se&hellip;<\/p>\n","protected":false},"author":1,"featured_media":0,"comment_status":"open","ping_status":"open","sticky":false,"template":"","format":"standard","meta":{"footnotes":""},"categories":[14],"tags":[],"class_list":["post-72367","post","type-post","status-publish","format-standard","hentry","category-efemerides"],"_links":{"self":[{"href":"https:\/\/www.elsindical.com.ar\/notas\/wp-json\/wp\/v2\/posts\/72367","targetHints":{"allow":["GET"]}}],"collection":[{"href":"https:\/\/www.elsindical.com.ar\/notas\/wp-json\/wp\/v2\/posts"}],"about":[{"href":"https:\/\/www.elsindical.com.ar\/notas\/wp-json\/wp\/v2\/types\/post"}],"author":[{"embeddable":true,"href":"https:\/\/www.elsindical.com.ar\/notas\/wp-json\/wp\/v2\/users\/1"}],"replies":[{"embeddable":true,"href":"https:\/\/www.elsindical.com.ar\/notas\/wp-json\/wp\/v2\/comments?post=72367"}],"version-history":[{"count":1,"href":"https:\/\/www.elsindical.com.ar\/notas\/wp-json\/wp\/v2\/posts\/72367\/revisions"}],"predecessor-version":[{"id":72368,"href":"https:\/\/www.elsindical.com.ar\/notas\/wp-json\/wp\/v2\/posts\/72367\/revisions\/72368"}],"wp:attachment":[{"href":"https:\/\/www.elsindical.com.ar\/notas\/wp-json\/wp\/v2\/media?parent=72367"}],"wp:term":[{"taxonomy":"category","embeddable":true,"href":"https:\/\/www.elsindical.com.ar\/notas\/wp-json\/wp\/v2\/categories?post=72367"},{"taxonomy":"post_tag","embeddable":true,"href":"https:\/\/www.elsindical.com.ar\/notas\/wp-json\/wp\/v2\/tags?post=72367"}],"curies":[{"name":"wp","href":"https:\/\/api.w.org\/{rel}","templated":true}]}}