{"id":72338,"date":"2017-09-22T18:14:11","date_gmt":"2017-09-22T21:14:11","guid":{"rendered":"http:\/\/www.elsindical.com.ar\/notas\/?p=72338"},"modified":"2017-09-22T18:14:11","modified_gmt":"2017-09-22T21:14:11","slug":"confirman-la-presencia-de-elefantes-prehistoricos-en-el-norte-bonaerense","status":"publish","type":"post","link":"https:\/\/www.elsindical.com.ar\/notas\/confirman-la-presencia-de-elefantes-prehistoricos-en-el-norte-bonaerense\/","title":{"rendered":"Confirman la presencia de \u00abelefantes prehist\u00f3ricos\u00bb en el norte bonaerense"},"content":{"rendered":"<p><em>\u00a0 <a href=\"http:\/\/www.elsindical.com.ar\/notas\/var\/www\/html\/notas\/wp-content\/uploads\/2017\/09\/elefante-prehist\u00f3rico.jpg\"><img loading=\"lazy\" decoding=\"async\" class=\"alignnone size-medium wp-image-72339\" src=\"http:\/\/www.elsindical.com.ar\/notas\/var\/www\/html\/notas\/wp-content\/uploads\/2017\/09\/elefante-prehist\u00f3rico-300x179.jpg\" alt=\"\" width=\"300\" height=\"179\" srcset=\"https:\/\/www.elsindical.com.ar\/notas\/var\/www\/html\/notas\/wp-content\/uploads\/2017\/09\/elefante-prehist\u00f3rico-300x179.jpg 300w, https:\/\/www.elsindical.com.ar\/notas\/var\/www\/html\/notas\/wp-content\/uploads\/2017\/09\/elefante-prehist\u00f3rico-500x298.jpg 500w, https:\/\/www.elsindical.com.ar\/notas\/var\/www\/html\/notas\/wp-content\/uploads\/2017\/09\/elefante-prehist\u00f3rico.jpg 620w\" sizes=\"auto, (max-width: 300px) 100vw, 300px\" \/><\/a>El equipo del Museo Paleontol\u00f3gico \u201cFray Manuel de Torres\u201d viene siguiendo desde hace unos a\u00f1os la presencia de los mastodontes (Stegomastodon platensis) a trav\u00e9s de sus restos f\u00f3siles hallados en tres capas sucesivas de suelo de la ciudad de San Pedro, a 170 kil\u00f3metros al norte de la ciudad de Buenos Aires, en tres canteras diferentes ubicadas en un radio de, tan s\u00f3lo, 500 metros.<\/em><\/p>\n<p>Las capas geol\u00f3gicas visibles corresponden a tres per\u00edodos de tiempo, como Edad Lujanense (que va de 8.500 a 128.000 a\u00f1os), Edad Bonaerense (de 128.000 a 400.000) y Edad Ensenadense (de 400.000 a alrededor de 2.000.000).<\/p>\n<p>\u201cLos restos de mastodontes en el Ensenadense vienen citados ya desde fines del siglo XIX; en las colecciones del Museo &#8216;Bernardino Rivadavia&#8217; hay varios ejemplares, aunque fragmentarios y no han sido asignados a alg\u00fan g\u00e9nero en particular\u00bb, indic\u00f3 Eduardo Tonni, jefe de Paleontolog\u00eda del Museo de Ciencias Naturales de La Plata, y colaborador del Museo de San Pedro.<\/p>\n<p>Por otra parte, explic\u00f3 que \u00abesta serie de hallazgos realizados en San Pedro en las tres edades geol\u00f3gicas de la zona confirma la permanencia del g\u00e9nero en la regi\u00f3n en un amplio per\u00edodo temporal\u201d.<\/p>\n<p>Desde el Museo Paleontol\u00f3gico sampedrino, detallaron que \u00abrecientemente, en sedimentos Ensenadenses, los m\u00e1s antiguos, de la zona, se logr\u00f3 obtener un fragmento de un incisivo o &#8216;colmillo&#8217; de uno de estos enormes mam\u00edferos en una cantera en actividad; mientras que de los dep\u00f3sitos correspondientes al Bonaerense, se pudo recuperar otra impresionante defensa que pesa 85 kilos y mide 2,23 metros\u00bb.<\/p>\n<p>\u00abEn la capa superior, la m\u00e1s moderna, el equipo lleg\u00f3 a completar la secuencia de la presencia de estos animales rescatando un molar de unos 20 cm de longitud en una cantera abandonada a 3 km de la ciudad, muy cercana a las otras dos canteras\u00bb, afirmaron.<\/p>\n","protected":false},"excerpt":{"rendered":"<p>\u00a0 El equipo del Museo Paleontol\u00f3gico \u201cFray Manuel de Torres\u201d viene siguiendo desde hace unos a\u00f1os la presencia de los mastodontes (Stegomastodon platensis) a trav\u00e9s de sus restos f\u00f3siles hallados en tres capas sucesivas de suelo de la ciudad de San Pedro, a 170 kil\u00f3metros al norte de la ciudad de Buenos Aires, en tres&hellip;<\/p>\n","protected":false},"author":1,"featured_media":0,"comment_status":"open","ping_status":"open","sticky":false,"template":"","format":"standard","meta":{"footnotes":""},"categories":[25],"tags":[154,27200,1855],"class_list":["post-72338","post","type-post","status-publish","format-standard","hentry","category-sociedad","tag-buenos-aires","tag-elefante-prehistorico","tag-san-pedro"],"_links":{"self":[{"href":"https:\/\/www.elsindical.com.ar\/notas\/wp-json\/wp\/v2\/posts\/72338","targetHints":{"allow":["GET"]}}],"collection":[{"href":"https:\/\/www.elsindical.com.ar\/notas\/wp-json\/wp\/v2\/posts"}],"about":[{"href":"https:\/\/www.elsindical.com.ar\/notas\/wp-json\/wp\/v2\/types\/post"}],"author":[{"embeddable":true,"href":"https:\/\/www.elsindical.com.ar\/notas\/wp-json\/wp\/v2\/users\/1"}],"replies":[{"embeddable":true,"href":"https:\/\/www.elsindical.com.ar\/notas\/wp-json\/wp\/v2\/comments?post=72338"}],"version-history":[{"count":1,"href":"https:\/\/www.elsindical.com.ar\/notas\/wp-json\/wp\/v2\/posts\/72338\/revisions"}],"predecessor-version":[{"id":72340,"href":"https:\/\/www.elsindical.com.ar\/notas\/wp-json\/wp\/v2\/posts\/72338\/revisions\/72340"}],"wp:attachment":[{"href":"https:\/\/www.elsindical.com.ar\/notas\/wp-json\/wp\/v2\/media?parent=72338"}],"wp:term":[{"taxonomy":"category","embeddable":true,"href":"https:\/\/www.elsindical.com.ar\/notas\/wp-json\/wp\/v2\/categories?post=72338"},{"taxonomy":"post_tag","embeddable":true,"href":"https:\/\/www.elsindical.com.ar\/notas\/wp-json\/wp\/v2\/tags?post=72338"}],"curies":[{"name":"wp","href":"https:\/\/api.w.org\/{rel}","templated":true}]}}