{"id":72335,"date":"2017-09-22T18:10:08","date_gmt":"2017-09-22T21:10:08","guid":{"rendered":"http:\/\/www.elsindical.com.ar\/notas\/?p=72335"},"modified":"2017-09-22T18:10:08","modified_gmt":"2017-09-22T21:10:08","slug":"junin-piden-a-macri-que-no-se-construya-una-carcel-federal","status":"publish","type":"post","link":"https:\/\/www.elsindical.com.ar\/notas\/junin-piden-a-macri-que-no-se-construya-una-carcel-federal\/","title":{"rendered":"Jun\u00edn: Piden a Macri que no se construya una c\u00e1rcel federal"},"content":{"rendered":"<p class=\"bajada\"><em>\u00a0 <a href=\"http:\/\/www.elsindical.com.ar\/notas\/var\/www\/html\/notas\/wp-content\/uploads\/2017\/09\/c\u00e1rcel-federal-Jun\u00edn.jpg\"><img loading=\"lazy\" decoding=\"async\" class=\"alignnone size-medium wp-image-72336\" src=\"http:\/\/www.elsindical.com.ar\/notas\/var\/www\/html\/notas\/wp-content\/uploads\/2017\/09\/c\u00e1rcel-federal-Jun\u00edn-300x179.jpg\" alt=\"\" width=\"300\" height=\"179\" srcset=\"https:\/\/www.elsindical.com.ar\/notas\/var\/www\/html\/notas\/wp-content\/uploads\/2017\/09\/c\u00e1rcel-federal-Jun\u00edn-300x179.jpg 300w, https:\/\/www.elsindical.com.ar\/notas\/var\/www\/html\/notas\/wp-content\/uploads\/2017\/09\/c\u00e1rcel-federal-Jun\u00edn-500x298.jpg 500w, https:\/\/www.elsindical.com.ar\/notas\/var\/www\/html\/notas\/wp-content\/uploads\/2017\/09\/c\u00e1rcel-federal-Jun\u00edn.jpg 620w\" sizes=\"auto, (max-width: 300px) 100vw, 300px\" \/><\/a>Los ediles del distrito solicitar\u00e1n al Ejecutivo nacional que retire del Presupuesto 2018 la construcci\u00f3n de una nueva Unidad Penitenciaria de m\u00e1xima seguridad. \u00abLas familias juninenses est\u00e1n muy preocupadas\u201d, expresaron y cuestionaron al intendente Pablo Petrecca.<\/em><\/p>\n<p>De forma un\u00e1nime, el Concejo Deliberante de Jun\u00edn aprob\u00f3 un Proyecto de Comunicaci\u00f3n, para pedirle al Presidente de la Naci\u00f3n, Mauricio Macri, que retire del Presupuesto 2018 la construcci\u00f3n de una nueva Unidad Penitenciaria de m\u00e1xima seguridad, en la ciudad.<\/p>\n<p>La iniciativa fue presentada por el bloque de Concejales de 1Pa\u00eds, encabezado por Patricio Fay, como respuesta a la pol\u00e9mica que se instal\u00f3 en la ciudad luego de conocerse, en los \u00faltimos d\u00edas, que la obra est\u00e1 prevista en el presupuesto oficial.<\/p>\n<p>En este marco, Fay expres\u00f3 que \u00abuna c\u00e1rcel federal alojar\u00eda a otro tipo de delincuentes a los que hoy alojan las c\u00e1rceles provinciales. Se tratar\u00edan de narcotraficantes, secuestradores, traficantes de personas. Delitos que tienen una caracter\u00edstica muy particular, porque responden a organizaciones criminales muy grandes que incluso operan dentro de las c\u00e1rceles\u00bb.<\/p>\n<p>\u00abPor eso, creemos que tiene que escucharse a los juninenses y tenemos que hacerlo a trav\u00e9s de una herramienta contundente y que le llegue al Presidente de la Naci\u00f3n, Mauricio Macri, que es quien dispuso la construcci\u00f3n de la c\u00e1rcel en Jun\u00edn. Por eso presentamos este proyecto de comunicaci\u00f3n\u00bb, asegur\u00f3 Fay.<\/p>\n<p>Por su parte, la edil y candidata a concejal por Unidad Ciudadana, Maia Leiva, expres\u00f3 la preocupaci\u00f3n que sienten los juninenses y cuestion\u00f3 al intendente Pablo Petrecca. El alcalde \u201chab\u00eda afirmado en mayo que no habr\u00eda m\u00e1s c\u00e1rceles en la ciudad. Queremos saber si miente o si est\u00e1 desinformado, y cualquiera de las dos opciones es un problema serio. Los vecinos se merecen saber la verdad\u00bb.<\/p>\n<p>\u00abEl intendente habla de un error, pero confiamos en la palabra escrita. La l\u00f3gica oficial del &#8216;si pasa, pasa&#8217; ya tuvo muchos ejemplos para considerarla s\u00f3lo una equivocaci\u00f3n. El \u00fanico error es construir una nueva c\u00e1rcel en Jun\u00edn, y el Gobierno Nacional parece estar decidido a hacerlo\u00bb, finaliz\u00f3 Leiva.<\/p>\n","protected":false},"excerpt":{"rendered":"<p>\u00a0 Los ediles del distrito solicitar\u00e1n al Ejecutivo nacional que retire del Presupuesto 2018 la construcci\u00f3n de una nueva Unidad Penitenciaria de m\u00e1xima seguridad. \u00abLas familias juninenses est\u00e1n muy preocupadas\u201d, expresaron y cuestionaron al intendente Pablo Petrecca. De forma un\u00e1nime, el Concejo Deliberante de Jun\u00edn aprob\u00f3 un Proyecto de Comunicaci\u00f3n, para pedirle al Presidente de&hellip;<\/p>\n","protected":false},"author":1,"featured_media":0,"comment_status":"open","ping_status":"open","sticky":false,"template":"","format":"standard","meta":{"footnotes":""},"categories":[13],"tags":[27199,7748,76],"class_list":["post-72335","post","type-post","status-publish","format-standard","hentry","category-politica","tag-carcelo-federal","tag-junin","tag-mauricio-macri"],"_links":{"self":[{"href":"https:\/\/www.elsindical.com.ar\/notas\/wp-json\/wp\/v2\/posts\/72335","targetHints":{"allow":["GET"]}}],"collection":[{"href":"https:\/\/www.elsindical.com.ar\/notas\/wp-json\/wp\/v2\/posts"}],"about":[{"href":"https:\/\/www.elsindical.com.ar\/notas\/wp-json\/wp\/v2\/types\/post"}],"author":[{"embeddable":true,"href":"https:\/\/www.elsindical.com.ar\/notas\/wp-json\/wp\/v2\/users\/1"}],"replies":[{"embeddable":true,"href":"https:\/\/www.elsindical.com.ar\/notas\/wp-json\/wp\/v2\/comments?post=72335"}],"version-history":[{"count":1,"href":"https:\/\/www.elsindical.com.ar\/notas\/wp-json\/wp\/v2\/posts\/72335\/revisions"}],"predecessor-version":[{"id":72337,"href":"https:\/\/www.elsindical.com.ar\/notas\/wp-json\/wp\/v2\/posts\/72335\/revisions\/72337"}],"wp:attachment":[{"href":"https:\/\/www.elsindical.com.ar\/notas\/wp-json\/wp\/v2\/media?parent=72335"}],"wp:term":[{"taxonomy":"category","embeddable":true,"href":"https:\/\/www.elsindical.com.ar\/notas\/wp-json\/wp\/v2\/categories?post=72335"},{"taxonomy":"post_tag","embeddable":true,"href":"https:\/\/www.elsindical.com.ar\/notas\/wp-json\/wp\/v2\/tags?post=72335"}],"curies":[{"name":"wp","href":"https:\/\/api.w.org\/{rel}","templated":true}]}}