{"id":72278,"date":"2017-09-21T09:12:21","date_gmt":"2017-09-21T12:12:21","guid":{"rendered":"http:\/\/www.elsindical.com.ar\/notas\/?p=72278"},"modified":"2017-09-21T09:12:21","modified_gmt":"2017-09-21T12:12:21","slug":"azul-trabajadores-de-fabricaciones-militares-de-azul-en-alerta-ante-inminentes-despidos","status":"publish","type":"post","link":"https:\/\/www.elsindical.com.ar\/notas\/azul-trabajadores-de-fabricaciones-militares-de-azul-en-alerta-ante-inminentes-despidos\/","title":{"rendered":"Azul: Trabajadores de Fabricaciones Militares de Azul en alerta ante inminentes despidos"},"content":{"rendered":"<p class=\"bajada\"><em>\u00a0 <a href=\"http:\/\/www.elsindical.com.ar\/notas\/var\/www\/html\/notas\/wp-content\/uploads\/2017\/09\/FANAZUL.jpg\"><img loading=\"lazy\" decoding=\"async\" class=\"alignnone size-medium wp-image-72279\" src=\"http:\/\/www.elsindical.com.ar\/notas\/var\/www\/html\/notas\/wp-content\/uploads\/2017\/09\/FANAZUL-300x179.jpg\" alt=\"\" width=\"300\" height=\"179\" srcset=\"https:\/\/www.elsindical.com.ar\/notas\/var\/www\/html\/notas\/wp-content\/uploads\/2017\/09\/FANAZUL-300x179.jpg 300w, https:\/\/www.elsindical.com.ar\/notas\/var\/www\/html\/notas\/wp-content\/uploads\/2017\/09\/FANAZUL-500x298.jpg 500w, https:\/\/www.elsindical.com.ar\/notas\/var\/www\/html\/notas\/wp-content\/uploads\/2017\/09\/FANAZUL.jpg 620w\" sizes=\"auto, (max-width: 300px) 100vw, 300px\" \/><\/a>El nuevo interventor designado por el gobierno nacional, Luis Riva, inform\u00f3 que la f\u00e1brica de p\u00f3lvora y explosivos \u201cno produce ganancia\u201d y es \u201cnecesario\u201d reducir el personal. Los empleados entregar\u00e1n un petitorio al intendente Hern\u00e1n Bertellys para que interceda.<\/em><\/p>\n<p>Trabajadores de Fabricaciones Militares de Azul, la f\u00e1brica de p\u00f3lvora y explosivos que depende del Ministerio de Defensa de la Naci\u00f3n, se encuentran en alerta ante inminentes despidos.<\/p>\n<p>La noticia trascendi\u00f3 tras la llegada de Luis Riva, un nuevo interventor designado por el Gobierno Nacional, que les indic\u00f3 a los empleados que la f\u00e1brica \u201cno produce ganancia y es necesario un ajuste\u201d.<\/p>\n<p>Por este tema, mantuvieron un encuentro los funcionarios de Fabricaciones Militares y los delegados gremiales, que fueron acompa\u00f1ados por la dirigencia local de ATE.<\/p>\n<p>\u201cRiva nos dijo directamente que la planta no genera ganancia y que es necesario realizar un ajuste\u201d ya que \u201clas p\u00e9rdidas son tres a uno\u201d, le cont\u00f3 a Radio Azul el delegado de ATE, Daniel Firpo. Adem\u00e1s manifest\u00f3 que ante la pregunta de s\u00ed el ajuste implicaba fuentes de trabajo, el interventor respondi\u00f3 \u201cel ajuste no s\u00f3lo ser\u00e1 en la entrega de dinero sino tambi\u00e9n en la cantidad de empleados\u00bb.<\/p>\n<p>Tambi\u00e9n los funcionarios les dijeron a los empleados que no habr\u00e1 posibilidades de hacer la parada t\u00e9cnica anual porque no hay presupuesto.<\/p>\n<p>Por su parte, durante el encuentro se le plante\u00f3 al funcionario la preocupaci\u00f3n de los trabajadores ante la falta de entrega de materia prima para la producci\u00f3n y la falta de respuestas por parte del Gobierno Nacional.<\/p>\n<p>Frente a este panorama, los trabajadores de Fanazul se encuentran en alerta y determinar\u00e1n pr\u00f3ximamente cu\u00e1les son los pasos a seguir. Por lo pronto, este viernes entregar\u00e1n un petitorio al intendente Hern\u00e1n Bertellys para que interceda ante las autoridades nacionales.<\/p>\n","protected":false},"excerpt":{"rendered":"<p>\u00a0 El nuevo interventor designado por el gobierno nacional, Luis Riva, inform\u00f3 que la f\u00e1brica de p\u00f3lvora y explosivos \u201cno produce ganancia\u201d y es \u201cnecesario\u201d reducir el personal. Los empleados entregar\u00e1n un petitorio al intendente Hern\u00e1n Bertellys para que interceda. Trabajadores de Fabricaciones Militares de Azul, la f\u00e1brica de p\u00f3lvora y explosivos que depende del&hellip;<\/p>\n","protected":false},"author":1,"featured_media":0,"comment_status":"open","ping_status":"open","sticky":false,"template":"","format":"standard","meta":{"footnotes":""},"categories":[16],"tags":[53,3627,27180],"class_list":["post-72278","post","type-post","status-publish","format-standard","hentry","category-gremiales","tag-despidos","tag-estado-de-alerta","tag-fabricaciones-militares-de-azul"],"_links":{"self":[{"href":"https:\/\/www.elsindical.com.ar\/notas\/wp-json\/wp\/v2\/posts\/72278","targetHints":{"allow":["GET"]}}],"collection":[{"href":"https:\/\/www.elsindical.com.ar\/notas\/wp-json\/wp\/v2\/posts"}],"about":[{"href":"https:\/\/www.elsindical.com.ar\/notas\/wp-json\/wp\/v2\/types\/post"}],"author":[{"embeddable":true,"href":"https:\/\/www.elsindical.com.ar\/notas\/wp-json\/wp\/v2\/users\/1"}],"replies":[{"embeddable":true,"href":"https:\/\/www.elsindical.com.ar\/notas\/wp-json\/wp\/v2\/comments?post=72278"}],"version-history":[{"count":1,"href":"https:\/\/www.elsindical.com.ar\/notas\/wp-json\/wp\/v2\/posts\/72278\/revisions"}],"predecessor-version":[{"id":72280,"href":"https:\/\/www.elsindical.com.ar\/notas\/wp-json\/wp\/v2\/posts\/72278\/revisions\/72280"}],"wp:attachment":[{"href":"https:\/\/www.elsindical.com.ar\/notas\/wp-json\/wp\/v2\/media?parent=72278"}],"wp:term":[{"taxonomy":"category","embeddable":true,"href":"https:\/\/www.elsindical.com.ar\/notas\/wp-json\/wp\/v2\/categories?post=72278"},{"taxonomy":"post_tag","embeddable":true,"href":"https:\/\/www.elsindical.com.ar\/notas\/wp-json\/wp\/v2\/tags?post=72278"}],"curies":[{"name":"wp","href":"https:\/\/api.w.org\/{rel}","templated":true}]}}