{"id":72248,"date":"2017-09-20T11:13:50","date_gmt":"2017-09-20T14:13:50","guid":{"rendered":"http:\/\/www.elsindical.com.ar\/notas\/?p=72248"},"modified":"2017-09-20T11:13:50","modified_gmt":"2017-09-20T14:13:50","slug":"general-belgrano-detienen-a-justiciero-que-baleo-a-mujer-en-alejandro-korn","status":"publish","type":"post","link":"https:\/\/www.elsindical.com.ar\/notas\/general-belgrano-detienen-a-justiciero-que-baleo-a-mujer-en-alejandro-korn\/","title":{"rendered":"General Belgrano: Detienen a justiciero que bale\u00f3 a mujer en Alejandro Korn"},"content":{"rendered":"<p><em><a href=\"http:\/\/www.elsindical.com.ar\/notas\/var\/www\/html\/notas\/wp-content\/uploads\/2017\/09\/detenci\u00f3n-en-General-Belgrano.jpg\"><img loading=\"lazy\" decoding=\"async\" class=\"alignnone size-medium wp-image-72249\" src=\"http:\/\/www.elsindical.com.ar\/notas\/var\/www\/html\/notas\/wp-content\/uploads\/2017\/09\/detenci\u00f3n-en-General-Belgrano-300x158.jpg\" alt=\"\" width=\"300\" height=\"158\" srcset=\"https:\/\/www.elsindical.com.ar\/notas\/var\/www\/html\/notas\/wp-content\/uploads\/2017\/09\/detenci\u00f3n-en-General-Belgrano-300x158.jpg 300w, https:\/\/www.elsindical.com.ar\/notas\/var\/www\/html\/notas\/wp-content\/uploads\/2017\/09\/detenci\u00f3n-en-General-Belgrano-500x263.jpg 500w, https:\/\/www.elsindical.com.ar\/notas\/var\/www\/html\/notas\/wp-content\/uploads\/2017\/09\/detenci\u00f3n-en-General-Belgrano.jpg 620w\" sizes=\"auto, (max-width: 300px) 100vw, 300px\" \/><\/a>\u00a0La v\u00edctima, de 19 a\u00f1os, fue alcanzada por certero disparo en la espalda. Ocurri\u00f3 en la localidad de Alejandro Korn.<\/em><\/p>\n<p>La localidad bonaerense de Alejandro Korn, en el partido de San Vicente, se convirti\u00f3 en escenario de un tremendo suceso, ya que un hombre hiri\u00f3 gravemente de bala en la espalda a una joven de 19 a\u00f1os, como saldo de una violenta discusi\u00f3n que se registr\u00f3 porque el individuo reclamaba la entrega de un televisor que le hab\u00edan robado varios ladrones.<\/p>\n<p>Se dice que la mujer agredida es integrante de una familia que habr\u00eda comprado el aparato sustra\u00eddo. Las autoridades policiales de la Direcci\u00f3n Departamental de Investigaciones de La Plata lograron detener al justiciero, luego de localizarlo en General Belgrano. De acuerdo con lo revelado por los voceros del departamento judicial de La Plata, la infortunada v\u00edctima fue identificada como <strong>Candela Colman<\/strong>, de 19 a\u00f1os.<\/p>\n<p>Trascendi\u00f3 que el hecho se produjo cuando el individuo, llamado <strong>Jos\u00e9 Alfonso<\/strong>, concurri\u00f3, a bordo de un autom\u00f3vil, a una finca situada en Hilario Ascasubi al 500, en Alejandro Korn, en el sur del conurbano provincial, donde increp\u00f3 a los moradores de la casa, reclam\u00e1ndoles la entrega de un televisor que le hab\u00eda robado un grupo de asaltantes. Jos\u00e9 Alfonso sosten\u00eda que los residentes en dicha vivienda hab\u00edan adquirido el citado aparato.<\/p>\n<p><strong>Grueso calibre<\/strong><\/p>\n<p>Seg\u00fan manifestaron los informantes, la disputa culmin\u00f3 en tragedia porque el sujeto regres\u00f3 a su veh\u00edculo y, tras apoderarse de una pistola 9 mil\u00edmetros, comenz\u00f3 a efectuar disparos contra el frente del mencionado inmueble. Uno de los proyectiles impact\u00f3 en la espalda de la muchacha, quien tuvo que ser trasladada de urgencia a un centro asistencial.<\/p>\n<p>El atacante huy\u00f3 r\u00e1pidamente en el rodado. Posteriormente, los pesquisas policiales, con apoyo de integrantes de la Subdelegaci\u00f3n Departamental de Investigaciones de Ca\u00f1uelas, se hicieron cargo de llevar adelante distintas diligencias, hasta que establecieron que Jos\u00e9 Alfonso se hab\u00eda escondido en General Belgrano.<\/p>\n<p>Gracias a estos nuevos datos, los servidores p\u00fablicos, secundados por los miembros de la comisar\u00eda de General Belgrano, apresaron al sujeto en calle 22 entre 5 y 7. Intervino en la causa, que se encuentra caratulada \u201cTenencia ilegal de arma de guerra, homicidio agravado en tentativa y amenazas\u201d, la Unidad Funcional N\u00ba 1 de San Vicente y el Juzgado de Garant\u00edas N\u00ba 8 de los tribunales de La Plata.<\/p>\n","protected":false},"excerpt":{"rendered":"<p>\u00a0La v\u00edctima, de 19 a\u00f1os, fue alcanzada por certero disparo en la espalda. Ocurri\u00f3 en la localidad de Alejandro Korn. La localidad bonaerense de Alejandro Korn, en el partido de San Vicente, se convirti\u00f3 en escenario de un tremendo suceso, ya que un hombre hiri\u00f3 gravemente de bala en la espalda a una joven de&hellip;<\/p>\n","protected":false},"author":1,"featured_media":0,"comment_status":"open","ping_status":"open","sticky":false,"template":"","format":"standard","meta":{"footnotes":""},"categories":[22],"tags":[2971,27175,26741,3736],"class_list":["post-72248","post","type-post","status-publish","format-standard","hentry","category-policiales","tag-alejandro-korn","tag-candela-colman","tag-justiciero","tag-san-vicente"],"_links":{"self":[{"href":"https:\/\/www.elsindical.com.ar\/notas\/wp-json\/wp\/v2\/posts\/72248","targetHints":{"allow":["GET"]}}],"collection":[{"href":"https:\/\/www.elsindical.com.ar\/notas\/wp-json\/wp\/v2\/posts"}],"about":[{"href":"https:\/\/www.elsindical.com.ar\/notas\/wp-json\/wp\/v2\/types\/post"}],"author":[{"embeddable":true,"href":"https:\/\/www.elsindical.com.ar\/notas\/wp-json\/wp\/v2\/users\/1"}],"replies":[{"embeddable":true,"href":"https:\/\/www.elsindical.com.ar\/notas\/wp-json\/wp\/v2\/comments?post=72248"}],"version-history":[{"count":1,"href":"https:\/\/www.elsindical.com.ar\/notas\/wp-json\/wp\/v2\/posts\/72248\/revisions"}],"predecessor-version":[{"id":72250,"href":"https:\/\/www.elsindical.com.ar\/notas\/wp-json\/wp\/v2\/posts\/72248\/revisions\/72250"}],"wp:attachment":[{"href":"https:\/\/www.elsindical.com.ar\/notas\/wp-json\/wp\/v2\/media?parent=72248"}],"wp:term":[{"taxonomy":"category","embeddable":true,"href":"https:\/\/www.elsindical.com.ar\/notas\/wp-json\/wp\/v2\/categories?post=72248"},{"taxonomy":"post_tag","embeddable":true,"href":"https:\/\/www.elsindical.com.ar\/notas\/wp-json\/wp\/v2\/tags?post=72248"}],"curies":[{"name":"wp","href":"https:\/\/api.w.org\/{rel}","templated":true}]}}