{"id":72230,"date":"2017-09-19T15:24:32","date_gmt":"2017-09-19T18:24:32","guid":{"rendered":"http:\/\/www.elsindical.com.ar\/notas\/?p=72230"},"modified":"2017-09-19T15:24:32","modified_gmt":"2017-09-19T18:24:32","slug":"nuevo-incremento-del-servicio-electrico-para-los-bonaerenses","status":"publish","type":"post","link":"https:\/\/www.elsindical.com.ar\/notas\/nuevo-incremento-del-servicio-electrico-para-los-bonaerenses\/","title":{"rendered":"Nuevo incremento del servicio el\u00e9ctrico para los bonaerenses"},"content":{"rendered":"<p><em>\u00a0\u00a0 <a href=\"http:\/\/www.elsindical.com.ar\/notas\/var\/www\/html\/notas\/wp-content\/uploads\/2009\/09\/Tarifa-EDESUR.jpg\"><img loading=\"lazy\" decoding=\"async\" class=\"alignnone size-full wp-image-656\" src=\"http:\/\/www.elsindical.com.ar\/notas\/var\/www\/html\/notas\/wp-content\/uploads\/2009\/09\/Tarifa-EDESUR.jpg\" alt=\"\" width=\"283\" height=\"145\" \/><\/a>En la jornada de hoy trascendi\u00f3 que desde febrero del 2018 habr\u00e1 un nuevo incremento en las tarifas del servicio el\u00e9ctrico. En definitiva, el aumento estar\u00e1 presente en el precio mayorista de la energ\u00eda, tambi\u00e9n conocido como precio estacional, y, al menos, ser\u00e1 del 28 por ciento en todo el pa\u00eds.<\/em><\/p>\n<p>Los n\u00fameros surgen a partir del proyecto de presupuesto que el Ministerio de Hacienda elev\u00f3 al Congreso la semana pasada.<\/p>\n<p>En ese sentido, no ser\u00e1 el \u00fanico incremento en las tarifas el\u00e9ctricas, porque tambi\u00e9n habr\u00e1 ajuste en el margen que perciben las transportistas y las distribuidoras Edenor y Edesur que ya tienen pautadas las mejoras que tendr\u00e1n el a\u00f1o pr\u00f3ximo, y \u00e9stas se replicar\u00e1n, en mayor o menor medida, seg\u00fan cada provincia, en las empresas que distribuyen en el interior.<\/p>\n<p>Como el marco regulatorio todav\u00eda permite una revisi\u00f3n m\u00e1s del precio de la energ\u00eda en noviembre, en caso de que se justifique, queda la posibilidad de que en ese mes se resuelva un aumento, ya sea por el tipo de cambio o por un alza en los elementos que componen el costo.<\/p>\n<p>Pero adem\u00e1s del aumento en el precio mayorista, est\u00e1n pautados dos nuevos ajustes en noviembre y en febrero para Edenor y Edesur, debido a la revisi\u00f3n tarifaria integral que asegur\u00f3 fondos a esas empresas para realizar obras y obtener rentabilidad.<\/p>\n<p>En febrero de este a\u00f1o, se aplic\u00f3 el 42% del aumento en los m\u00e1rgenes de las empresas que se estima fue del 100% en total. El resto (un 58%) se aplicar\u00e1 en noviembre de este a\u00f1o y en febrero, pudiendo ser dos tramos iguales o menor el primero y mayor el segundo, para que el impacto no recaiga en los meses de mayor consumo del verano.<\/p>\n<p>Adem\u00e1s, para Edenor y Edesur est\u00e1 prevista una f\u00f3rmula de actualizaci\u00f3n que debe aplicarse cada seis meses, en febrero y agosto, y que durante este a\u00f1o se har\u00eda coincidir con el alza de noviembre. En este caso, la f\u00f3rmula de ajuste contempla en un 54,4% el dato de salarios nivel general, en un 24,9% el \u00edndice de precios mayoristas y en un 20,7% precios al consumidor.<\/p>\n<p>Considerando esas premisas, las tarifas finales de Edenor y Edesur para hogares y peque\u00f1os comercios tendr\u00edan un aumento del 14% en noviembre pr\u00f3ximo si no se modifica el precio mayorista. Y en febrero, sumando otro 16% y el alza en la energ\u00eda, la suba ser\u00eda del 50% sin impuestos con relaci\u00f3n al cuadro tarifario vigente ahora.<\/p>\n","protected":false},"excerpt":{"rendered":"<p>\u00a0\u00a0 En la jornada de hoy trascendi\u00f3 que desde febrero del 2018 habr\u00e1 un nuevo incremento en las tarifas del servicio el\u00e9ctrico. En definitiva, el aumento estar\u00e1 presente en el precio mayorista de la energ\u00eda, tambi\u00e9n conocido como precio estacional, y, al menos, ser\u00e1 del 28 por ciento en todo el pa\u00eds. Los n\u00fameros surgen&hellip;<\/p>\n","protected":false},"author":1,"featured_media":0,"comment_status":"open","ping_status":"open","sticky":false,"template":"","format":"standard","meta":{"footnotes":""},"categories":[9],"tags":[27167,2973,374,11074],"class_list":["post-72230","post","type-post","status-publish","format-standard","hentry","category-economia","tag-aumento-de-tarifa","tag-edenor","tag-edesur","tag-ministerio-de-hacienda"],"_links":{"self":[{"href":"https:\/\/www.elsindical.com.ar\/notas\/wp-json\/wp\/v2\/posts\/72230","targetHints":{"allow":["GET"]}}],"collection":[{"href":"https:\/\/www.elsindical.com.ar\/notas\/wp-json\/wp\/v2\/posts"}],"about":[{"href":"https:\/\/www.elsindical.com.ar\/notas\/wp-json\/wp\/v2\/types\/post"}],"author":[{"embeddable":true,"href":"https:\/\/www.elsindical.com.ar\/notas\/wp-json\/wp\/v2\/users\/1"}],"replies":[{"embeddable":true,"href":"https:\/\/www.elsindical.com.ar\/notas\/wp-json\/wp\/v2\/comments?post=72230"}],"version-history":[{"count":1,"href":"https:\/\/www.elsindical.com.ar\/notas\/wp-json\/wp\/v2\/posts\/72230\/revisions"}],"predecessor-version":[{"id":72231,"href":"https:\/\/www.elsindical.com.ar\/notas\/wp-json\/wp\/v2\/posts\/72230\/revisions\/72231"}],"wp:attachment":[{"href":"https:\/\/www.elsindical.com.ar\/notas\/wp-json\/wp\/v2\/media?parent=72230"}],"wp:term":[{"taxonomy":"category","embeddable":true,"href":"https:\/\/www.elsindical.com.ar\/notas\/wp-json\/wp\/v2\/categories?post=72230"},{"taxonomy":"post_tag","embeddable":true,"href":"https:\/\/www.elsindical.com.ar\/notas\/wp-json\/wp\/v2\/tags?post=72230"}],"curies":[{"name":"wp","href":"https:\/\/api.w.org\/{rel}","templated":true}]}}