{"id":72212,"date":"2017-09-19T10:02:12","date_gmt":"2017-09-19T13:02:12","guid":{"rendered":"http:\/\/www.elsindical.com.ar\/notas\/?p=72212"},"modified":"2017-09-19T10:02:12","modified_gmt":"2017-09-19T13:02:12","slug":"avellaneda-en-allanamientos-rescataron-serpientes-y-tortugas-acuaticas","status":"publish","type":"post","link":"https:\/\/www.elsindical.com.ar\/notas\/avellaneda-en-allanamientos-rescataron-serpientes-y-tortugas-acuaticas\/","title":{"rendered":"Avellaneda: En allanamientos rescataron serpientes y tortugas acu\u00e1ticas"},"content":{"rendered":"<p><em><a href=\"http:\/\/www.elsindical.com.ar\/notas\/var\/www\/html\/notas\/wp-content\/uploads\/2017\/09\/allanamientos-animales-Avellaneda-01.jpg\"><img loading=\"lazy\" decoding=\"async\" class=\"alignnone size-medium wp-image-72214\" src=\"http:\/\/www.elsindical.com.ar\/notas\/var\/www\/html\/notas\/wp-content\/uploads\/2017\/09\/allanamientos-animales-Avellaneda-01-300x141.jpg\" alt=\"\" width=\"300\" height=\"141\" srcset=\"https:\/\/www.elsindical.com.ar\/notas\/var\/www\/html\/notas\/wp-content\/uploads\/2017\/09\/allanamientos-animales-Avellaneda-01-300x141.jpg 300w, https:\/\/www.elsindical.com.ar\/notas\/var\/www\/html\/notas\/wp-content\/uploads\/2017\/09\/allanamientos-animales-Avellaneda-01-500x234.jpg 500w, https:\/\/www.elsindical.com.ar\/notas\/var\/www\/html\/notas\/wp-content\/uploads\/2017\/09\/allanamientos-animales-Avellaneda-01.jpg 640w\" sizes=\"auto, (max-width: 300px) 100vw, 300px\" \/><\/a>\u00a0 La Polic\u00eda de la provincia de Buenos Aires realiz\u00f3 ayer una serie de procedimientos, que derivaron en la detenci\u00f3n de un hombre de 52 a\u00f1os que afronta cargos por \u201ctenencia ilegal de animales\u201d. Secuestraron un cuaderno con anotaciones que dar\u00edan cuenta de la venta de dos leones y dos pumas, entre otros animales.<\/em><\/p>\n<p>Detuvieron a un hombre que se dedicaba al tr\u00e1fico de animales. La Polic\u00eda de la provincia de Buenos realiz\u00f3 dos allanamientos en Villa Dom\u00ednico, partido de Avellaneda, y logr\u00f3 rescatar a varias especies; entre ellas, serpientes Pit\u00f3n, tortugas acu\u00e1ticas y jilgueros.<\/p>\n<p>Encontraron \u201ccuatro serpientes pit\u00f3n, cuatro culebras, seis tortugas acu\u00e1ticas, aves y roedores\u201d.<\/p>\n<p>Los operativos fueron realizados por polic\u00edas de la Delegaci\u00f3n Ecol\u00f3gica, junto a personal del Ministerio de Ambiente y Desarrollo Sostenible de la Naci\u00f3n; de la direcci\u00f3n de Flora y Fauna bonaerense, y de la Estaci\u00f3n de Cr\u00edas de Animales Silvestres (ECAS).<\/p>\n<p>\u201cEn uno de los domicilios se encontr\u00f3 una pit\u00f3n africana, cuatro culebras, seis jilgueros, seis tortugas acu\u00e1ticas y 40 hamsters utilizados para alimentaci\u00f3n\u201d, precisaron desde el Ministerio de Seguridad de la Provincia. Adem\u00e1s, encontraron una computadora y un cuaderno \u201ccon detalles sobre el comercio ilegal que se realizaba\u201d. \u201cEn los documentos encontrados se detallaba la venta de dos leones de ocho meses por 2.000 d\u00f3lares, dos pumas por 1.000 d\u00f3lares y caballos enanos por 10.000 pesos\u201d, apunta el informe.<\/p>\n<p>En el procedimiento realizado en otro objetivo, rescataron \u201ctres serpientes pit\u00f3n molurus (una albina), dos de ellas de 3,5 metros y la otra de 5,8\u201d.<\/p>\n<p>Un hombre de 52 a\u00f1os fue detenido, que afronta cargos por \u201ctenencia y comercio ilegal de animales\u201d. La causa est\u00e1 a cargo de la Unidad Funcional de Instrucci\u00f3n (UFI) 3 descentralizada de Avellaneda y el Juzgado de Garant\u00edas 10, ambos dependientes del Departamento Judicial Lomas de Zamora.<\/p>\n<p><a href=\"http:\/\/www.elsindical.com.ar\/notas\/var\/www\/html\/notas\/wp-content\/uploads\/2017\/09\/allanamientos-animales-Avellaneda-02.jpg\"><img loading=\"lazy\" decoding=\"async\" class=\"alignnone size-medium wp-image-72213\" src=\"http:\/\/www.elsindical.com.ar\/notas\/var\/www\/html\/notas\/wp-content\/uploads\/2017\/09\/allanamientos-animales-Avellaneda-02-300x141.jpg\" alt=\"\" width=\"300\" height=\"141\" srcset=\"https:\/\/www.elsindical.com.ar\/notas\/var\/www\/html\/notas\/wp-content\/uploads\/2017\/09\/allanamientos-animales-Avellaneda-02-300x141.jpg 300w, https:\/\/www.elsindical.com.ar\/notas\/var\/www\/html\/notas\/wp-content\/uploads\/2017\/09\/allanamientos-animales-Avellaneda-02-500x234.jpg 500w, https:\/\/www.elsindical.com.ar\/notas\/var\/www\/html\/notas\/wp-content\/uploads\/2017\/09\/allanamientos-animales-Avellaneda-02.jpg 640w\" sizes=\"auto, (max-width: 300px) 100vw, 300px\" \/><\/a><\/p>\n","protected":false},"excerpt":{"rendered":"<p>\u00a0 La Polic\u00eda de la provincia de Buenos Aires realiz\u00f3 ayer una serie de procedimientos, que derivaron en la detenci\u00f3n de un hombre de 52 a\u00f1os que afronta cargos por \u201ctenencia ilegal de animales\u201d. Secuestraron un cuaderno con anotaciones que dar\u00edan cuenta de la venta de dos leones y dos pumas, entre otros animales. Detuvieron&hellip;<\/p>\n","protected":false},"author":1,"featured_media":0,"comment_status":"open","ping_status":"open","sticky":false,"template":"","format":"standard","meta":{"footnotes":""},"categories":[22],"tags":[493,461,27158,2372],"class_list":["post-72212","post","type-post","status-publish","format-standard","hentry","category-policiales","tag-allanamientos","tag-avellaneda","tag-ecas","tag-villa-dominico"],"_links":{"self":[{"href":"https:\/\/www.elsindical.com.ar\/notas\/wp-json\/wp\/v2\/posts\/72212","targetHints":{"allow":["GET"]}}],"collection":[{"href":"https:\/\/www.elsindical.com.ar\/notas\/wp-json\/wp\/v2\/posts"}],"about":[{"href":"https:\/\/www.elsindical.com.ar\/notas\/wp-json\/wp\/v2\/types\/post"}],"author":[{"embeddable":true,"href":"https:\/\/www.elsindical.com.ar\/notas\/wp-json\/wp\/v2\/users\/1"}],"replies":[{"embeddable":true,"href":"https:\/\/www.elsindical.com.ar\/notas\/wp-json\/wp\/v2\/comments?post=72212"}],"version-history":[{"count":1,"href":"https:\/\/www.elsindical.com.ar\/notas\/wp-json\/wp\/v2\/posts\/72212\/revisions"}],"predecessor-version":[{"id":72215,"href":"https:\/\/www.elsindical.com.ar\/notas\/wp-json\/wp\/v2\/posts\/72212\/revisions\/72215"}],"wp:attachment":[{"href":"https:\/\/www.elsindical.com.ar\/notas\/wp-json\/wp\/v2\/media?parent=72212"}],"wp:term":[{"taxonomy":"category","embeddable":true,"href":"https:\/\/www.elsindical.com.ar\/notas\/wp-json\/wp\/v2\/categories?post=72212"},{"taxonomy":"post_tag","embeddable":true,"href":"https:\/\/www.elsindical.com.ar\/notas\/wp-json\/wp\/v2\/tags?post=72212"}],"curies":[{"name":"wp","href":"https:\/\/api.w.org\/{rel}","templated":true}]}}