{"id":72209,"date":"2017-09-19T09:55:29","date_gmt":"2017-09-19T12:55:29","guid":{"rendered":"http:\/\/www.elsindical.com.ar\/notas\/?p=72209"},"modified":"2017-09-19T09:55:29","modified_gmt":"2017-09-19T12:55:29","slug":"energia-inaccesible-para-la-industria-nacional-dificulta-la-competitividad","status":"publish","type":"post","link":"https:\/\/www.elsindical.com.ar\/notas\/energia-inaccesible-para-la-industria-nacional-dificulta-la-competitividad\/","title":{"rendered":"Energ\u00eda inaccesible para la industria nacional dificulta la competitividad"},"content":{"rendered":"<p><em>\u00a0<a href=\"http:\/\/www.elsindical.com.ar\/notas\/var\/www\/html\/notas\/wp-content\/uploads\/2017\/09\/energ\u00eda-industrial.jpg\"><img loading=\"lazy\" decoding=\"async\" class=\"alignnone size-medium wp-image-72210\" src=\"http:\/\/www.elsindical.com.ar\/notas\/var\/www\/html\/notas\/wp-content\/uploads\/2017\/09\/energ\u00eda-industrial-300x180.jpg\" alt=\"\" width=\"300\" height=\"180\" srcset=\"https:\/\/www.elsindical.com.ar\/notas\/var\/www\/html\/notas\/wp-content\/uploads\/2017\/09\/energ\u00eda-industrial-300x180.jpg 300w, https:\/\/www.elsindical.com.ar\/notas\/var\/www\/html\/notas\/wp-content\/uploads\/2017\/09\/energ\u00eda-industrial-500x300.jpg 500w, https:\/\/www.elsindical.com.ar\/notas\/var\/www\/html\/notas\/wp-content\/uploads\/2017\/09\/energ\u00eda-industrial.jpg 765w\" sizes=\"auto, (max-width: 300px) 100vw, 300px\" \/><\/a>\u00a0 Una comparaci\u00f3n entre lo que se paga por generar la energ\u00eda y distribuirla en la Argentina con respecto a lo que se paga en otros pa\u00edses del mundo como por ejemplo Estados Unidos, deja al descubierto la imposibilidad de competir con mercados extranjeros debido a los costos.<\/em><\/p>\n<p>La industria nacional atraviesa una etapa cr\u00edtica debido a los costos en materia de energ\u00eda y ello se refleja a trav\u00e9s de una comparaci\u00f3n entre los valores que se manejan en nuestro pa\u00eds contra los de otros pa\u00edses como en el caso de Estados Unidos.<\/p>\n<p>El valor de la energ\u00eda para la industria, hace que sea imposible competir con los mercados extranjeros y a su vez afecta directamente una de las bases econ\u00f3micas m\u00e1s fuertes de nuestro pa\u00eds, al aparato productivo y sobre todo a la generaci\u00f3n de empleo.<\/p>\n<p>Generar electricidad en la Argentina (por v\u00eda de combustible) cuesta 75 d\u00f3lares el megavatio, mientras que en Estados Unidos el costo de generaci\u00f3n es de s\u00f3lo 36 d\u00f3lares.<\/p>\n<p>Generar electricidad a partir del gas, cuesta en Argetina 5,20 d\u00f3lares el mill\u00f3n de BTU, mientras que en Estados Unidos es de 3 d\u00f3lares.<\/p>\n<p>Con estos costos energ\u00e9ticos resulta imposible competir y el motor de la econom\u00eda se encuentra en desventaja absoluta. En el resto del mundo, el costo de producci\u00f3n promedio de generaci\u00f3n de electricidad es de 1,8 a 3 d\u00f3lares el mill\u00f3n de BTU (unidad cal\u00f3rica de medida relativa al gas).<\/p>\n","protected":false},"excerpt":{"rendered":"<p>\u00a0\u00a0 Una comparaci\u00f3n entre lo que se paga por generar la energ\u00eda y distribuirla en la Argentina con respecto a lo que se paga en otros pa\u00edses del mundo como por ejemplo Estados Unidos, deja al descubierto la imposibilidad de competir con mercados extranjeros debido a los costos. La industria nacional atraviesa una etapa cr\u00edtica&hellip;<\/p>\n","protected":false},"author":1,"featured_media":0,"comment_status":"open","ping_status":"open","sticky":false,"template":"","format":"standard","meta":{"footnotes":""},"categories":[9],"tags":[127,22023,1940,16860],"class_list":["post-72209","post","type-post","status-publish","format-standard","hentry","category-economia","tag-argentina","tag-economia","tag-energia","tag-industria"],"_links":{"self":[{"href":"https:\/\/www.elsindical.com.ar\/notas\/wp-json\/wp\/v2\/posts\/72209","targetHints":{"allow":["GET"]}}],"collection":[{"href":"https:\/\/www.elsindical.com.ar\/notas\/wp-json\/wp\/v2\/posts"}],"about":[{"href":"https:\/\/www.elsindical.com.ar\/notas\/wp-json\/wp\/v2\/types\/post"}],"author":[{"embeddable":true,"href":"https:\/\/www.elsindical.com.ar\/notas\/wp-json\/wp\/v2\/users\/1"}],"replies":[{"embeddable":true,"href":"https:\/\/www.elsindical.com.ar\/notas\/wp-json\/wp\/v2\/comments?post=72209"}],"version-history":[{"count":1,"href":"https:\/\/www.elsindical.com.ar\/notas\/wp-json\/wp\/v2\/posts\/72209\/revisions"}],"predecessor-version":[{"id":72211,"href":"https:\/\/www.elsindical.com.ar\/notas\/wp-json\/wp\/v2\/posts\/72209\/revisions\/72211"}],"wp:attachment":[{"href":"https:\/\/www.elsindical.com.ar\/notas\/wp-json\/wp\/v2\/media?parent=72209"}],"wp:term":[{"taxonomy":"category","embeddable":true,"href":"https:\/\/www.elsindical.com.ar\/notas\/wp-json\/wp\/v2\/categories?post=72209"},{"taxonomy":"post_tag","embeddable":true,"href":"https:\/\/www.elsindical.com.ar\/notas\/wp-json\/wp\/v2\/tags?post=72209"}],"curies":[{"name":"wp","href":"https:\/\/api.w.org\/{rel}","templated":true}]}}