{"id":72204,"date":"2017-09-18T19:32:13","date_gmt":"2017-09-18T22:32:13","guid":{"rendered":"http:\/\/www.elsindical.com.ar\/notas\/?p=72204"},"modified":"2017-09-18T19:32:13","modified_gmt":"2017-09-18T22:32:13","slug":"proliferan-en-el-conurbano-centros-de-formacion-en-kinesiologia-no-avalados-profesionalmente","status":"publish","type":"post","link":"https:\/\/www.elsindical.com.ar\/notas\/proliferan-en-el-conurbano-centros-de-formacion-en-kinesiologia-no-avalados-profesionalmente\/","title":{"rendered":"PROLIFERAN EN EL CONURBANO CENTROS DE FORMACION EN KINESIOLOGIA NO AVALADOS PROFESIONALMENTE"},"content":{"rendered":"<p><em>\u00a0<a href=\"http:\/\/www.elsindical.com.ar\/notas\/var\/www\/html\/notas\/wp-content\/uploads\/2017\/09\/CoKiBA.jpg\"><img loading=\"lazy\" decoding=\"async\" class=\"alignnone size-medium wp-image-72205\" src=\"http:\/\/www.elsindical.com.ar\/notas\/var\/www\/html\/notas\/wp-content\/uploads\/2017\/09\/CoKiBA-300x300.jpg\" alt=\"\" width=\"300\" height=\"300\" srcset=\"https:\/\/www.elsindical.com.ar\/notas\/var\/www\/html\/notas\/wp-content\/uploads\/2017\/09\/CoKiBA-300x300.jpg 300w, https:\/\/www.elsindical.com.ar\/notas\/var\/www\/html\/notas\/wp-content\/uploads\/2017\/09\/CoKiBA-150x150.jpg 150w, https:\/\/www.elsindical.com.ar\/notas\/var\/www\/html\/notas\/wp-content\/uploads\/2017\/09\/CoKiBA.jpg 512w\" sizes=\"auto, (max-width: 300px) 100vw, 300px\" \/><\/a>Se trata de la oferta de cursos que no otorgan habilitaci\u00f3n para ejercer la profesi\u00f3n, que se llevan a cabo en poco tiempo, con presuntas promesas de capacitaci\u00f3n y una r\u00e1pida salida laboral.<\/em><em>\u00a0<\/em><\/p>\n<p>El Colegio de Kinesi\u00f3logos de la provincia de Buenos Aires (CoKiBA) advierte un preocupante crecimiento en el dictado de esos cursos en diferentes \u00a0centros de formaci\u00f3n, \u00a0que carecen de preparaci\u00f3n acad\u00e9mica y que promueven el ejercicio ilegal poniendo en riesgo la salud de quienes reciben tratamientos. El titular de la Delegaci\u00f3n II, Lic. F\u00e9lix Hugo Campod\u00f3nico, mostr\u00f3 su preocupaci\u00f3n al respecto se\u00f1alando que \u201cel problema es muy grave porque nuestra delegaci\u00f3n limita con Capital Federal, que es donde existen m\u00e1s centros de formaci\u00f3n, y en los \u00faltimos tiempos esta pr\u00e1ctica ha pasado las barreras de la capital y se ha colado en las localidades del Conurbano\u201d.<\/p>\n<p>La delegaci\u00f3n II del Colegio de Kinesi\u00f3logos de la provincia de Buenos Aires comprende las localidades de Lomas de Zamora, Quilmes, Almirante Brown, Lan\u00fas, Avellaneda, Berazategui, Florencio Varela y Presidente Per\u00f3n.<\/p>\n<p>En este sentido, Campod\u00f3nico remarc\u00f3 que \u201cestas seudo capacitaciones son realizadas a trav\u00e9s de cursos de pocos meses que ofrecen t\u00edtulos de masajistas, rehabilitadores y auxiliares de kinesi\u00f3logos, entre otros sin ning\u00fan tipo de respaldo profesional\u201d.<\/p>\n<p>El referente de CoKiBA tambi\u00e9n aclar\u00f3 \u201cvemos con mucha preocupaci\u00f3n estas capacitaciones y el aumento permanente de centros de formaci\u00f3n que promueven irresponsablemente el ejercicio de tratamientos de exclusiva competencia de la kinesiolog\u00eda \u00a0con seudos profesionales. Se trata de personas que no cuentan con la preparaci\u00f3n acad\u00e9mica requerida y tampoco poseen la habilitaci\u00f3n correspondiente\u201d.<\/p>\n<p>Como toda profesi\u00f3n colegiada, los requisitos m\u00ednimos imprescindibles para ejercer la Kinesiolog\u00eda en nuestra provincia son: t\u00edtulo y matr\u00edcula profesional emitidos por la Universidad y el Colegio de Kinesi\u00f3logos de la Provincia de Buenos Aires, respectivamente.<\/p>\n<p>Por otra parte, Campod\u00f3nico explic\u00f3 que \u201cla actividad del kinesi\u00f3logo profesional es personal e intransferible no pudiendo ser realizada por ayudantes o auxiliares\u201d, y al mismo tiempo agreg\u00f3 que \u201clas t\u00e9cnicas y agentes que competen en forma exclusiva y excluyente al Profesional Kinesi\u00f3logo se encuentran determinados en la curr\u00edcula de la carrera y en la Ley 10392 de la provincia\u201d.<\/p>\n<p>\u201cEn Lomas de Zamora y en las ciudades m\u00e1s grandes de nuestra delegaci\u00f3n se ve a diario el aumento de estas pr\u00e1cticas ilegales\u201d, puntualiz\u00f3 el entrevistado.<\/p>\n<p>Finalmente, el Colegio de Kinesi\u00f3logos de la provincia de Buenos Aires tambi\u00e9n expres\u00f3 su preocupaci\u00f3n por el tema a trav\u00e9s de su Secretaria, la Kinesi\u00f3loga Fisioterapeuta, Graciela Meroi. \u201cEs un tema que nos mantiene alertas y por eso venimos trabajando fuertemente para concientizar a la poblaci\u00f3n sobre evitar \u00a0riesgos en su salud al momento de recibir tratamientos en manos de quienes no son profesionales\u201d.<\/p>\n<p>Y record\u00f3 que en la p\u00e1gina oficial del Colegio,\u00a0<a href=\"http:\/\/www.cokiba.org.ar\/\">www.cokiba.org.ar<\/a>, se mantienen actualizados los listados de los profesionales matriculados en la provincia de Buenos Aires.<\/p>\n","protected":false},"excerpt":{"rendered":"<p>\u00a0Se trata de la oferta de cursos que no otorgan habilitaci\u00f3n para ejercer la profesi\u00f3n, que se llevan a cabo en poco tiempo, con presuntas promesas de capacitaci\u00f3n y una r\u00e1pida salida laboral.\u00a0 El Colegio de Kinesi\u00f3logos de la provincia de Buenos Aires (CoKiBA) advierte un preocupante crecimiento en el dictado de esos cursos en&hellip;<\/p>\n","protected":false},"author":1,"featured_media":0,"comment_status":"open","ping_status":"open","sticky":false,"template":"","format":"standard","meta":{"footnotes":""},"categories":[6],"tags":[27156,27157],"class_list":["post-72204","post","type-post","status-publish","format-standard","hentry","category-denuncias","tag-cokiba","tag-colegio-de-kinesiologos-de-la-provincia-de-buenos-aires"],"_links":{"self":[{"href":"https:\/\/www.elsindical.com.ar\/notas\/wp-json\/wp\/v2\/posts\/72204","targetHints":{"allow":["GET"]}}],"collection":[{"href":"https:\/\/www.elsindical.com.ar\/notas\/wp-json\/wp\/v2\/posts"}],"about":[{"href":"https:\/\/www.elsindical.com.ar\/notas\/wp-json\/wp\/v2\/types\/post"}],"author":[{"embeddable":true,"href":"https:\/\/www.elsindical.com.ar\/notas\/wp-json\/wp\/v2\/users\/1"}],"replies":[{"embeddable":true,"href":"https:\/\/www.elsindical.com.ar\/notas\/wp-json\/wp\/v2\/comments?post=72204"}],"version-history":[{"count":1,"href":"https:\/\/www.elsindical.com.ar\/notas\/wp-json\/wp\/v2\/posts\/72204\/revisions"}],"predecessor-version":[{"id":72206,"href":"https:\/\/www.elsindical.com.ar\/notas\/wp-json\/wp\/v2\/posts\/72204\/revisions\/72206"}],"wp:attachment":[{"href":"https:\/\/www.elsindical.com.ar\/notas\/wp-json\/wp\/v2\/media?parent=72204"}],"wp:term":[{"taxonomy":"category","embeddable":true,"href":"https:\/\/www.elsindical.com.ar\/notas\/wp-json\/wp\/v2\/categories?post=72204"},{"taxonomy":"post_tag","embeddable":true,"href":"https:\/\/www.elsindical.com.ar\/notas\/wp-json\/wp\/v2\/tags?post=72204"}],"curies":[{"name":"wp","href":"https:\/\/api.w.org\/{rel}","templated":true}]}}