{"id":72201,"date":"2017-09-18T19:20:47","date_gmt":"2017-09-18T22:20:47","guid":{"rendered":"http:\/\/www.elsindical.com.ar\/notas\/?p=72201"},"modified":"2017-09-18T19:20:47","modified_gmt":"2017-09-18T22:20:47","slug":"el-pianista-miguel-angel-estrella-brindara-un-recital-solidario-en-el-teatro-roma","status":"publish","type":"post","link":"https:\/\/www.elsindical.com.ar\/notas\/el-pianista-miguel-angel-estrella-brindara-un-recital-solidario-en-el-teatro-roma\/","title":{"rendered":"El pianista Miguel \u00c1ngel Estrella brindar\u00e1 un recital solidario en el Teatro Roma"},"content":{"rendered":"<p><em><a href=\"http:\/\/www.elsindical.com.ar\/notas\/var\/www\/html\/notas\/wp-content\/uploads\/2017\/09\/Recital-Estrella.jpg\"><img loading=\"lazy\" decoding=\"async\" class=\"alignnone size-medium wp-image-72202\" src=\"http:\/\/www.elsindical.com.ar\/notas\/var\/www\/html\/notas\/wp-content\/uploads\/2017\/09\/Recital-Estrella-300x223.jpg\" alt=\"\" width=\"300\" height=\"223\" srcset=\"https:\/\/www.elsindical.com.ar\/notas\/var\/www\/html\/notas\/wp-content\/uploads\/2017\/09\/Recital-Estrella-300x223.jpg 300w, https:\/\/www.elsindical.com.ar\/notas\/var\/www\/html\/notas\/wp-content\/uploads\/2017\/09\/Recital-Estrella-403x300.jpg 403w, https:\/\/www.elsindical.com.ar\/notas\/var\/www\/html\/notas\/wp-content\/uploads\/2017\/09\/Recital-Estrella.jpg 620w\" sizes=\"auto, (max-width: 300px) 100vw, 300px\" \/><\/a>\u00a0 El domingo 24 de septiembre a las 18 hs. en el Teatro Roma de la ciudad de Avellaneda, el pianista Miguel \u00c1ngel Estrella brindar\u00e1 un recital solidario en el marco de una campa\u00f1a para crear una Orquesta Infanto Juvenil en Isla Maciel y asegurar la continuidad de la Orquesta Infanto Juvenil de Wilde \u2013 UNDAV.<\/em><\/p>\n<p>El bono contribuci\u00f3n sale $150 y se puede reservar enviando un mail a <a title=\"Este enlace externo se abrir\u00e1 en una nueva ventana\" href=\"https:\/\/afrodita.astranetwork.net:2096\/cpsess8828942616\/3rdparty\/squirrelmail\/src\/compose.php?send_to=recitalsolidario@gmail.com\" target=\"_blank\" rel=\"noopener\">recitalsolidario@gmail.com<\/a>. Tambi\u00e9n es posible adquirirlo en las oficinas de alumnos de las sedes Espa\u00f1a (Espa\u00f1a 350) y Pi\u00f1eyro (Mario Bravo 1460) de la UNDAV.<\/p>\n<p>En el concierto, tambi\u00e9n estar\u00e1n presentes Paula Estrella, Horacio Quiroga, Carlos Rold\u00e1n, y la Orquesta Infanto Juvenil de Wilde \u2013 UNDAV.<\/p>\n<p>La campa\u00f1a de recaudaci\u00f3n de fondos la est\u00e1 llevando adelante la Fundaci\u00f3n Isla Maciel del Padre Paco, en conjunto con la UNDAV, la Asociaci\u00f3n Cultural La Guitarra y M\u00fasicos Componiendo Patria.<\/p>\n<p>El proyecto apunta a lograr inclusi\u00f3n e integraci\u00f3n social a trav\u00e9s de la ense\u00f1anza musical y la pr\u00e1ctica orquestal, con un enfoque en poblaciones infantiles y juveniles que se encuentran en condiciones de alta vulnerabilidad.<\/p>\n<p>&#8212;<\/p>\n<div class=\"gmail_signature\">\n<div dir=\"ltr\">\n<div>\n<div><a title=\"Este enlace externo se abrir\u00e1 en una nueva ventana\" href=\"http:\/\/facebook.com\/cuicaundav\" target=\"_blank\" rel=\"noopener\">facebook.com\/cuicaundav<\/a><\/div>\n<p>twitter: @cuicaundav<\/p><\/div>\n<p><a title=\"Este enlace externo se abrir\u00e1 en una nueva ventana\" href=\"http:\/\/cuica.undav.edu.ar\" target=\"_blank\" rel=\"noopener\">cuica.undav.edu.ar<\/a><\/div>\n<\/div>\n","protected":false},"excerpt":{"rendered":"<p>\u00a0 El domingo 24 de septiembre a las 18 hs. en el Teatro Roma de la ciudad de Avellaneda, el pianista Miguel \u00c1ngel Estrella brindar\u00e1 un recital solidario en el marco de una campa\u00f1a para crear una Orquesta Infanto Juvenil en Isla Maciel y asegurar la continuidad de la Orquesta Infanto Juvenil de Wilde \u2013&hellip;<\/p>\n","protected":false},"author":1,"featured_media":0,"comment_status":"open","ping_status":"open","sticky":false,"template":"","format":"standard","meta":{"footnotes":""},"categories":[26],"tags":[27154,27155,4142],"class_list":["post-72201","post","type-post","status-publish","format-standard","hentry","category-solidaridad","tag-pianista-miguel-angel-estrella","tag-recital-solidario","tag-undav"],"_links":{"self":[{"href":"https:\/\/www.elsindical.com.ar\/notas\/wp-json\/wp\/v2\/posts\/72201","targetHints":{"allow":["GET"]}}],"collection":[{"href":"https:\/\/www.elsindical.com.ar\/notas\/wp-json\/wp\/v2\/posts"}],"about":[{"href":"https:\/\/www.elsindical.com.ar\/notas\/wp-json\/wp\/v2\/types\/post"}],"author":[{"embeddable":true,"href":"https:\/\/www.elsindical.com.ar\/notas\/wp-json\/wp\/v2\/users\/1"}],"replies":[{"embeddable":true,"href":"https:\/\/www.elsindical.com.ar\/notas\/wp-json\/wp\/v2\/comments?post=72201"}],"version-history":[{"count":1,"href":"https:\/\/www.elsindical.com.ar\/notas\/wp-json\/wp\/v2\/posts\/72201\/revisions"}],"predecessor-version":[{"id":72203,"href":"https:\/\/www.elsindical.com.ar\/notas\/wp-json\/wp\/v2\/posts\/72201\/revisions\/72203"}],"wp:attachment":[{"href":"https:\/\/www.elsindical.com.ar\/notas\/wp-json\/wp\/v2\/media?parent=72201"}],"wp:term":[{"taxonomy":"category","embeddable":true,"href":"https:\/\/www.elsindical.com.ar\/notas\/wp-json\/wp\/v2\/categories?post=72201"},{"taxonomy":"post_tag","embeddable":true,"href":"https:\/\/www.elsindical.com.ar\/notas\/wp-json\/wp\/v2\/tags?post=72201"}],"curies":[{"name":"wp","href":"https:\/\/api.w.org\/{rel}","templated":true}]}}