{"id":72082,"date":"2017-09-13T13:37:52","date_gmt":"2017-09-13T16:37:52","guid":{"rendered":"http:\/\/www.elsindical.com.ar\/notas\/?p=72082"},"modified":"2017-09-13T13:37:52","modified_gmt":"2017-09-13T16:37:52","slug":"judiciales-bonaerenses-reclaman-devolucion-de-descuentos-por-paros","status":"publish","type":"post","link":"https:\/\/www.elsindical.com.ar\/notas\/judiciales-bonaerenses-reclaman-devolucion-de-descuentos-por-paros\/","title":{"rendered":"Judiciales bonaerenses reclaman devoluci\u00f3n de descuentos por paros"},"content":{"rendered":"<p class=\"copete\"><em>\u00a0 <a href=\"http:\/\/www.elsindical.com.ar\/notas\/var\/www\/html\/notas\/wp-content\/uploads\/2017\/09\/Judiciales-Bonaerenses.jpg\"><img loading=\"lazy\" decoding=\"async\" class=\"alignnone size-medium wp-image-72083\" src=\"http:\/\/www.elsindical.com.ar\/notas\/var\/www\/html\/notas\/wp-content\/uploads\/2017\/09\/Judiciales-Bonaerenses-300x176.jpg\" alt=\"\" width=\"300\" height=\"176\" srcset=\"https:\/\/www.elsindical.com.ar\/notas\/var\/www\/html\/notas\/wp-content\/uploads\/2017\/09\/Judiciales-Bonaerenses-300x176.jpg 300w, https:\/\/www.elsindical.com.ar\/notas\/var\/www\/html\/notas\/wp-content\/uploads\/2017\/09\/Judiciales-Bonaerenses-500x293.jpg 500w, https:\/\/www.elsindical.com.ar\/notas\/var\/www\/html\/notas\/wp-content\/uploads\/2017\/09\/Judiciales-Bonaerenses.jpg 690w\" sizes=\"auto, (max-width: 300px) 100vw, 300px\" \/><\/a>\u00abResolvimos suspender por dos semanas las medidas de fuerza, pero pusimos como condici\u00f3n para que ese impasse se sostenga la devoluci\u00f3n de los descuentos\u00bb, sostuvo el l\u00edder de la AJB.<\/em><\/p>\n<p>La <strong>Asociaci\u00f3n Judicial Bonaerense (AJB) <\/strong>ratific\u00f3 la decisi\u00f3n de suspender por dos semanas las medidas de fuerza y pidi\u00f3 la devoluci\u00f3n de los haberes descontados como \u201cgesto\u201d para retomar las negociaciones salariales, mediante un escrito presentado al m\u00e1ximo tribunal provincial.<\/p>\n<p>La semana pasada se concret\u00f3 el descuento de salarios sobre cinco de las ocho jornadas de huelga que el sindicato de judiciales realiz\u00f3 durante el mes de agosto. El secretario general del sindicato de los judiciales,<strong> Pablo Abramovich<\/strong>, expres\u00f3 a T\u00e9lam que se ha decidido \u201cun proceso de suspensi\u00f3n de las medidas de fuerza por dos semanas a la espera de que la Suprema Corte, que es quien liquida los sueldos, resuelva en un acuerdo la devoluci\u00f3n de los descuentos\u201d.<\/p>\n<p>\u201c<strong>Resolvimos suspender por dos semanas las medidas de fuerza<\/strong>, pero pusimos como condici\u00f3n para que ese impasse se sostenga la devoluci\u00f3n de los descuentos. Es decir, que la situaci\u00f3n se retrotaiga hasta antes de la semana anterior\u201d, explic\u00f3. \u201cEstamos en el medio de este proceso y esperando que la Corte resuelva en un acuerdo la devoluci\u00f3n de los descuentos\u201d, precis\u00f3.<\/p>\n<p>Sostuvo que \u201cestamos en di\u00e1logo con el gobierno, seguramente haya una convocatoria en estos d\u00edas\u201d. En el \u00faltimo encuentro entre las partes, en el marco de una reuni\u00f3n informal, la oferta del gobierno bonaerense que encabeza <strong>Mar\u00eda Eugenia Vidal<\/strong> consisti\u00f3 en una recomposici\u00f3n salarial del 21,5% de aumento a los salarios b\u00e1sicos, m\u00e1s un incremento de 1,5 puntos de la bonificaci\u00f3n especial y la compensaci\u00f3n funcional en diciembre de 2017.<\/p>\n<p>Para el gremio, el esquema de cuotas era igual a la propuesta realizada en la reuni\u00f3n anterior, es decir, un 2% en enero, que alcanza el 10% en marzo, asciende al 14% en julio y llega al 21,5% en septiembre de 2017, calculados sobre los haberes de diciembre de 2016. Por eso, decidieron rechazarla y convocaron una medida de fuerza de 72 horas, la \u00faltima que hicieron, lo que termin\u00f3 impactando sobre la negociaci\u00f3n con el Ejecutivo.<\/p>\n<p>Pocos d\u00edas despu\u00e9s, el gobierno de<strong> Vidal decidi\u00f3 liquidar unilateralmente un incremento del 6 por ciento a cuenta<\/strong>, que se sum\u00f3 a otro diez por ciento de adelanto que ya hab\u00eda otorgado meses atr\u00e1s, con lo que la suba de hecho para los judiciales bonaerenses fue, en lo que va del a\u00f1o, un 16 por ciento.<\/p>\n","protected":false},"excerpt":{"rendered":"<p>\u00a0 \u00abResolvimos suspender por dos semanas las medidas de fuerza, pero pusimos como condici\u00f3n para que ese impasse se sostenga la devoluci\u00f3n de los descuentos\u00bb, sostuvo el l\u00edder de la AJB. La Asociaci\u00f3n Judicial Bonaerense (AJB) ratific\u00f3 la decisi\u00f3n de suspender por dos semanas las medidas de fuerza y pidi\u00f3 la devoluci\u00f3n de los haberes&hellip;<\/p>\n","protected":false},"author":1,"featured_media":0,"comment_status":"open","ping_status":"open","sticky":false,"template":"","format":"standard","meta":{"footnotes":""},"categories":[16],"tags":[4626,7265,22806],"class_list":["post-72082","post","type-post","status-publish","format-standard","hentry","category-gremiales","tag-ajb","tag-maria-eugenia-vidal","tag-pablo-abramovich"],"_links":{"self":[{"href":"https:\/\/www.elsindical.com.ar\/notas\/wp-json\/wp\/v2\/posts\/72082","targetHints":{"allow":["GET"]}}],"collection":[{"href":"https:\/\/www.elsindical.com.ar\/notas\/wp-json\/wp\/v2\/posts"}],"about":[{"href":"https:\/\/www.elsindical.com.ar\/notas\/wp-json\/wp\/v2\/types\/post"}],"author":[{"embeddable":true,"href":"https:\/\/www.elsindical.com.ar\/notas\/wp-json\/wp\/v2\/users\/1"}],"replies":[{"embeddable":true,"href":"https:\/\/www.elsindical.com.ar\/notas\/wp-json\/wp\/v2\/comments?post=72082"}],"version-history":[{"count":1,"href":"https:\/\/www.elsindical.com.ar\/notas\/wp-json\/wp\/v2\/posts\/72082\/revisions"}],"predecessor-version":[{"id":72084,"href":"https:\/\/www.elsindical.com.ar\/notas\/wp-json\/wp\/v2\/posts\/72082\/revisions\/72084"}],"wp:attachment":[{"href":"https:\/\/www.elsindical.com.ar\/notas\/wp-json\/wp\/v2\/media?parent=72082"}],"wp:term":[{"taxonomy":"category","embeddable":true,"href":"https:\/\/www.elsindical.com.ar\/notas\/wp-json\/wp\/v2\/categories?post=72082"},{"taxonomy":"post_tag","embeddable":true,"href":"https:\/\/www.elsindical.com.ar\/notas\/wp-json\/wp\/v2\/tags?post=72082"}],"curies":[{"name":"wp","href":"https:\/\/api.w.org\/{rel}","templated":true}]}}