{"id":72074,"date":"2017-09-13T12:45:34","date_gmt":"2017-09-13T15:45:34","guid":{"rendered":"http:\/\/www.elsindical.com.ar\/notas\/?p=72074"},"modified":"2017-09-13T12:45:34","modified_gmt":"2017-09-13T15:45:34","slug":"se-profundiza-el-paro-de-camioneros","status":"publish","type":"post","link":"https:\/\/www.elsindical.com.ar\/notas\/se-profundiza-el-paro-de-camioneros\/","title":{"rendered":"Se profundiza el paro de camioneros"},"content":{"rendered":"<p><em>\u00a0\u00a0 <a href=\"http:\/\/www.elsindical.com.ar\/notas\/var\/www\/html\/notas\/wp-content\/uploads\/2016\/06\/marcha-de-camioneros.jpg\"><img loading=\"lazy\" decoding=\"async\" class=\"alignnone size-medium wp-image-60267\" src=\"http:\/\/www.elsindical.com.ar\/notas\/var\/www\/html\/notas\/wp-content\/uploads\/2016\/06\/marcha-de-camioneros-300x169.jpg\" alt=\"\" width=\"300\" height=\"169\" srcset=\"https:\/\/www.elsindical.com.ar\/notas\/var\/www\/html\/notas\/wp-content\/uploads\/2016\/06\/marcha-de-camioneros-300x169.jpg 300w, https:\/\/www.elsindical.com.ar\/notas\/var\/www\/html\/notas\/wp-content\/uploads\/2016\/06\/marcha-de-camioneros-500x282.jpg 500w, https:\/\/www.elsindical.com.ar\/notas\/var\/www\/html\/notas\/wp-content\/uploads\/2016\/06\/marcha-de-camioneros.jpg 620w\" sizes=\"auto, (max-width: 300px) 100vw, 300px\" \/><\/a>La Federaci\u00f3n Nacional de Choferes de Camiones ratific\u00f3 la continuidad del paro por tiempo indeterminado en todas las plantas de distribuci\u00f3n del pa\u00eds de la empresa Coca Cola sum\u00e1ndose en las pr\u00f3ximas horas las plantas de Quilmes, Aguas y Danone.<\/em><\/p>\n<div class=\"cuerponota mb50\">\n<p>El dirigente sindical y tambi\u00e9n secretario Gremial de la CGT, Pablo Moyano confirm\u00f3 que \u00ab<strong>las plantas distribuidoras de Coca Cola contin\u00faan paralizadas<\/strong>\u00bb desde anoche por tiempo indeterminado y denunci\u00f3 que la multinacional \u00ab<strong>incumple<\/strong>\u00bb el \u00ab<strong>correcto encuadramiento de los trabajadores y la aplicaci\u00f3n del convenio colectivo laboral 40\/89&#8243; de la organizaci\u00f3n nacional<\/strong>.\u00bb<\/p>\n<p>El Ministerio de Trabajo hab\u00eda dictado esta ma\u00f1ana la\u00a0<strong>conciliaci\u00f3n obligatoria en el conflicto<\/strong>, pero el gremio de Hugo y Pablo Moyano ratific\u00f3 la continuidad de la huelga nacional en la compa\u00f1\u00eda.<\/p>\n<p>Adem\u00e1s, Moyano (h) se\u00f1al\u00f3 a la agencia de noticias T\u00e9lam que en las pr\u00f3ximas horas y de forma solidaria se sumar\u00e1n al paro en todo el pa\u00eds los trabajadores camioneros de las plantas de Quilmes, Aguas y Danone en \u00abuna clara demostraci\u00f3n de lucha contra la flexibilizaci\u00f3n\u00bb.<\/p>\n<p>\u00ab<strong>Los camioneros no aceptaron, no aceptan ni aceptar\u00e1n la flexibilizaci\u00f3n laboral<\/strong>\u00ab, sostuvo el dirigente gremial. Y reafirm\u00f3 \u00abLa batalla transita por el camino de la dignidad, el respeto a la ley y los valores de los trabajadores, porque la lucha tambi\u00e9n es un valor sindical y hay que tener valent\u00eda para sostenerla\u00bb<\/p>\n<p>El ministerio de Trabajo hab\u00eda impuesto anoche la Ley 14.786 de conciliaci\u00f3n obligatoria por un per\u00edodo h\u00e1bil de 15 d\u00edas, aunque el gremio y los trabajadores decidieron continuar la protesta nacional en todas las distribuidoras en rechazo de \u00abla flexibilizaci\u00f3n\u00bb.<\/p>\n<p>La medida de fuerza hab\u00eda comenzado con un paro en las cuatro embotelladoras de Coca Cola en\u00a0<strong>rechazo del encuadramiento en el Sindicato \u00danico de Trabajadores de la Industria de Aguas Gaseosas (Sutiaga) y en reclamo de la afiliaci\u00f3n al gremio camionero.<\/strong><\/p>\n<p>Coca Cola Femsa, una de las cuatro embotelladoras, dijo ser \u00abajena al conflicto\u00bb, que atribuy\u00f3 a una disputa de \u00abrepresentatividad\u00bb.<\/p>\n<p>Moyano (h) se\u00f1al\u00f3, sin embargo, que Coca Coca no puede permanecer ajena a esa situaci\u00f3n y ratific\u00f3 la continuidad de los paros.<\/p>\n<p>\u00ab<strong>La rama aguas gaseosas del gremio est\u00e1 totalmente paralizada a lo largo y a lo ancho del territorio nacional<\/strong>\u00ab, asegur\u00f3 el dirigente.<\/p>\n<\/div>\n","protected":false},"excerpt":{"rendered":"<p>\u00a0\u00a0 La Federaci\u00f3n Nacional de Choferes de Camiones ratific\u00f3 la continuidad del paro por tiempo indeterminado en todas las plantas de distribuci\u00f3n del pa\u00eds de la empresa Coca Cola sum\u00e1ndose en las pr\u00f3ximas horas las plantas de Quilmes, Aguas y Danone. El dirigente sindical y tambi\u00e9n secretario Gremial de la CGT, Pablo Moyano confirm\u00f3 que&hellip;<\/p>\n","protected":false},"author":1,"featured_media":0,"comment_status":"open","ping_status":"open","sticky":false,"template":"","format":"standard","meta":{"footnotes":""},"categories":[16],"tags":[1298,910,77,632,67],"class_list":["post-72074","post","type-post","status-publish","format-standard","hentry","category-gremiales","tag-camioneros","tag-cgt","tag-hugo-moyano","tag-pablo-moyano","tag-paro"],"_links":{"self":[{"href":"https:\/\/www.elsindical.com.ar\/notas\/wp-json\/wp\/v2\/posts\/72074","targetHints":{"allow":["GET"]}}],"collection":[{"href":"https:\/\/www.elsindical.com.ar\/notas\/wp-json\/wp\/v2\/posts"}],"about":[{"href":"https:\/\/www.elsindical.com.ar\/notas\/wp-json\/wp\/v2\/types\/post"}],"author":[{"embeddable":true,"href":"https:\/\/www.elsindical.com.ar\/notas\/wp-json\/wp\/v2\/users\/1"}],"replies":[{"embeddable":true,"href":"https:\/\/www.elsindical.com.ar\/notas\/wp-json\/wp\/v2\/comments?post=72074"}],"version-history":[{"count":1,"href":"https:\/\/www.elsindical.com.ar\/notas\/wp-json\/wp\/v2\/posts\/72074\/revisions"}],"predecessor-version":[{"id":72075,"href":"https:\/\/www.elsindical.com.ar\/notas\/wp-json\/wp\/v2\/posts\/72074\/revisions\/72075"}],"wp:attachment":[{"href":"https:\/\/www.elsindical.com.ar\/notas\/wp-json\/wp\/v2\/media?parent=72074"}],"wp:term":[{"taxonomy":"category","embeddable":true,"href":"https:\/\/www.elsindical.com.ar\/notas\/wp-json\/wp\/v2\/categories?post=72074"},{"taxonomy":"post_tag","embeddable":true,"href":"https:\/\/www.elsindical.com.ar\/notas\/wp-json\/wp\/v2\/tags?post=72074"}],"curies":[{"name":"wp","href":"https:\/\/api.w.org\/{rel}","templated":true}]}}