{"id":72052,"date":"2017-09-13T12:15:09","date_gmt":"2017-09-13T15:15:09","guid":{"rendered":"http:\/\/www.elsindical.com.ar\/notas\/?p=72052"},"modified":"2017-09-13T12:15:09","modified_gmt":"2017-09-13T15:15:09","slug":"mar-del-plata-basta-de-envenenarnos-paren-de-fumigarnos-el-pedido-de-los-vecinos","status":"publish","type":"post","link":"https:\/\/www.elsindical.com.ar\/notas\/mar-del-plata-basta-de-envenenarnos-paren-de-fumigarnos-el-pedido-de-los-vecinos\/","title":{"rendered":"Mar del Plata: \u00abBasta de envenenarnos, paren de fumigarnos\u00bb, el pedido de los vecinos"},"content":{"rendered":"<p><em>\u00a0 <a href=\"http:\/\/www.elsindical.com.ar\/notas\/var\/www\/html\/notas\/wp-content\/uploads\/2017\/09\/reclamo-vecinos-de-Mar-del-Plata.jpg\"><img loading=\"lazy\" decoding=\"async\" class=\"alignnone size-medium wp-image-72053\" src=\"http:\/\/www.elsindical.com.ar\/notas\/var\/www\/html\/notas\/wp-content\/uploads\/2017\/09\/reclamo-vecinos-de-Mar-del-Plata-300x179.jpg\" alt=\"\" width=\"300\" height=\"179\" srcset=\"https:\/\/www.elsindical.com.ar\/notas\/var\/www\/html\/notas\/wp-content\/uploads\/2017\/09\/reclamo-vecinos-de-Mar-del-Plata-300x179.jpg 300w, https:\/\/www.elsindical.com.ar\/notas\/var\/www\/html\/notas\/wp-content\/uploads\/2017\/09\/reclamo-vecinos-de-Mar-del-Plata-500x298.jpg 500w, https:\/\/www.elsindical.com.ar\/notas\/var\/www\/html\/notas\/wp-content\/uploads\/2017\/09\/reclamo-vecinos-de-Mar-del-Plata.jpg 620w\" sizes=\"auto, (max-width: 300px) 100vw, 300px\" \/><\/a>En el marco de una campa\u00f1a que lleva el lema \u201cBasta de envenenarnos, paren de fumigarnos\u201d, vecinos autoconvocados de diferentes barrios de Mar del Plata organizaron un corte parcial informativo en la ruta 11, kil\u00f3metro 505 del barrio Felix U.<\/em><\/p>\n<p>En tal sentido, Jorge Picoreli, uno de los vecinos autoconvocados en dialogo con el portal de noticias El Retrato explic\u00f3 que comenzaron a trabajar con la problem\u00e1tica en 2008. \u201cParen de Fumigarnos fue una consigna, pero en realidad es mucho m\u00e1s que eso. Estamos articulando con distintos vecinos que saben de la tem\u00e1tica, nos hemos juntado incluso con representantes de distintas provincias\u201d, sostuvo.<\/p>\n<p>\u201cHay una medida cautelar de la Suprema Corte que est\u00e1 vigente y que no permite fumigar a menos de mil metros de barrios, de casas. El a\u00f1o pasado hicimos denuncias porque se estaba violando esto, a los entes que corresponder\u00edan y a las instituciones que tienen que controlar, pero nos ment\u00edan, no hac\u00edan nada\u201d, apunt\u00f3 Picoreli.<\/p>\n<p>En ese contexto, el vecino consider\u00f3 que \u201cestamos totalmente hu\u00e9rfanos, porque la ley no se aplica\u201d. Picoreli se refiri\u00f3 a que la gente adquiri\u00f3 cierto nivel de concientizaci\u00f3n.<\/p>\n<p>\u201cEst\u00e1 comprobado que en las napas de agua hay productos qu\u00edmicos y como si esto fuera poco, est\u00e1 el principio precautorio de la ley del ambiente que si no hay certezas no pueden echar un productor. Tenemos todo a nuestro favor, pero el dinero es mucho\u201d, resalt\u00f3.<\/p>\n<p>Asimismo, hizo hincapi\u00e9 en que Mar del Plata es el segundo cord\u00f3n frutihort\u00edcola que produce con qu\u00edmicos. \u201cEs el que m\u00e1s productos usa y por consiguiente es el segundo m\u00e1s contaminado. No es ning\u00fan orgullo ser el segundo cord\u00f3n frutihort\u00edcola que produce de esa manera\u201d, cuestion\u00f3.<\/p>\n","protected":false},"excerpt":{"rendered":"<p>\u00a0 En el marco de una campa\u00f1a que lleva el lema \u201cBasta de envenenarnos, paren de fumigarnos\u201d, vecinos autoconvocados de diferentes barrios de Mar del Plata organizaron un corte parcial informativo en la ruta 11, kil\u00f3metro 505 del barrio Felix U. En tal sentido, Jorge Picoreli, uno de los vecinos autoconvocados en dialogo con el&hellip;<\/p>\n","protected":false},"author":1,"featured_media":0,"comment_status":"open","ping_status":"open","sticky":false,"template":"","format":"standard","meta":{"footnotes":""},"categories":[25],"tags":[27105,1673,986],"class_list":["post-72052","post","type-post","status-publish","format-standard","hentry","category-sociedad","tag-fumigacion","tag-mar-del-plata","tag-vecinos"],"_links":{"self":[{"href":"https:\/\/www.elsindical.com.ar\/notas\/wp-json\/wp\/v2\/posts\/72052","targetHints":{"allow":["GET"]}}],"collection":[{"href":"https:\/\/www.elsindical.com.ar\/notas\/wp-json\/wp\/v2\/posts"}],"about":[{"href":"https:\/\/www.elsindical.com.ar\/notas\/wp-json\/wp\/v2\/types\/post"}],"author":[{"embeddable":true,"href":"https:\/\/www.elsindical.com.ar\/notas\/wp-json\/wp\/v2\/users\/1"}],"replies":[{"embeddable":true,"href":"https:\/\/www.elsindical.com.ar\/notas\/wp-json\/wp\/v2\/comments?post=72052"}],"version-history":[{"count":1,"href":"https:\/\/www.elsindical.com.ar\/notas\/wp-json\/wp\/v2\/posts\/72052\/revisions"}],"predecessor-version":[{"id":72054,"href":"https:\/\/www.elsindical.com.ar\/notas\/wp-json\/wp\/v2\/posts\/72052\/revisions\/72054"}],"wp:attachment":[{"href":"https:\/\/www.elsindical.com.ar\/notas\/wp-json\/wp\/v2\/media?parent=72052"}],"wp:term":[{"taxonomy":"category","embeddable":true,"href":"https:\/\/www.elsindical.com.ar\/notas\/wp-json\/wp\/v2\/categories?post=72052"},{"taxonomy":"post_tag","embeddable":true,"href":"https:\/\/www.elsindical.com.ar\/notas\/wp-json\/wp\/v2\/tags?post=72052"}],"curies":[{"name":"wp","href":"https:\/\/api.w.org\/{rel}","templated":true}]}}