{"id":72029,"date":"2017-09-12T10:25:50","date_gmt":"2017-09-12T13:25:50","guid":{"rendered":"http:\/\/www.elsindical.com.ar\/notas\/?p=72029"},"modified":"2017-09-12T10:25:50","modified_gmt":"2017-09-12T13:25:50","slug":"flores-aparecio-bryana-se-encuentra-en-el-hospital-pinero","status":"publish","type":"post","link":"https:\/\/www.elsindical.com.ar\/notas\/flores-aparecio-bryana-se-encuentra-en-el-hospital-pinero\/","title":{"rendered":"Flores: Apareci\u00f3 Bryana se encuentra en el Hospital Pi\u00f1ero"},"content":{"rendered":"<p><em><a href=\"http:\/\/www.elsindical.com.ar\/notas\/var\/www\/html\/notas\/wp-content\/uploads\/2017\/09\/Bryanna-Reganzani.jpg\"><img loading=\"lazy\" decoding=\"async\" class=\"alignnone size-medium wp-image-71939\" src=\"http:\/\/www.elsindical.com.ar\/notas\/var\/www\/html\/notas\/wp-content\/uploads\/2017\/09\/Bryanna-Reganzani-300x158.jpg\" alt=\"\" width=\"300\" height=\"158\" srcset=\"https:\/\/www.elsindical.com.ar\/notas\/var\/www\/html\/notas\/wp-content\/uploads\/2017\/09\/Bryanna-Reganzani-300x158.jpg 300w, https:\/\/www.elsindical.com.ar\/notas\/var\/www\/html\/notas\/wp-content\/uploads\/2017\/09\/Bryanna-Reganzani-500x264.jpg 500w, https:\/\/www.elsindical.com.ar\/notas\/var\/www\/html\/notas\/wp-content\/uploads\/2017\/09\/Bryanna-Reganzani.jpg 540w\" sizes=\"auto, (max-width: 300px) 100vw, 300px\" \/><\/a>\u00a0\u00a0 La familia lo confirm\u00f3. La joven de 16 a\u00f1os fue hallada desmayada en un local de comidas r\u00e1pidas en Flores y fue trasladada al Hospital Pi\u00f1ero. Seg\u00fan las primeras versiones, ella dijo que hab\u00eda sido \u00absecuestrada\u00bb en \u00abun lugar oscuro\u00bb. Habr\u00eda acudido a una ambulancia que llam\u00f3 al 911.<\/em><\/p>\n<p><em><strong>\u00ab\u00a1Es Bryanna, es Bryanna!\u00bb<\/strong><\/em>, <strong>Miryam<\/strong>, la mam\u00e1 de la adolescente de 16 a\u00f1os, sali\u00f3 a los gritos de su casa, en medio de la guardia period\u00edstica que ya manejaba el dato de la aparici\u00f3n de <strong>Bryanna Reganzani<\/strong>, en un local de comida r\u00e1pida, en el barrio de Flores.<\/p>\n<p>Seg\u00fan se supo, la chica apareci\u00f3 all\u00ed desmayada y fue encontrada por una se\u00f1ora que dio aviso a la Polic\u00eda de la Ciudad, que a su vez avis\u00f3 a la Polic\u00eda Bonaerense que le dio aviso a la familia. En paralelo, Bryanna\u00a0fue trasladada al <em>Hospital Pi\u00f1ero<\/em>, ubicado a pocas cuadras del lugar donde apareci\u00f3.<\/p>\n<p>La que primero confirm\u00f3 la noticia a la prensa fue <strong>Pochi<\/strong>, la mam\u00e1. La t\u00eda, <strong>Johanna<\/strong>, tambi\u00e9n confirm\u00f3 la noticia y la madre, Johanna, habl\u00f3 con los medios, emocionada y apurada para ir a la Comisar\u00eda 1ra de Villa Madero, hacer el tr\u00e1mite de rigor y luego trasladarse al hospital a reencontrarse con la menor.<\/p>\n<p><u><strong>Primeras versiones<\/strong><\/u><\/p>\n<p>Las primeras informaciones indican que Bryanna habr\u00eda acudido a una ambulancia, que llam\u00f3 al 911. No queda claro si la menor se escap\u00f3 o si la liberaron, ya que afirm\u00f3 haber sido secuestrada<em> \u00abpor cinco hombres\u00bb<\/em> que la abordaron<em> \u00aba la salida del colegio\u00bb.<\/em><\/p>\n<p>Seg\u00fan se reconstruy\u00f3 en base a los primeros trascendidos, Bryanna habr\u00eda estado cautiva en un <em>\u00ablugar oscuro\u00bb<\/em> por hombres <em>\u00abarmados\u00bb.<\/em><\/p>\n<p><u><strong>El caso<\/strong><\/u><\/p>\n<p>El jueves pasado, la estudiante de 16 a\u00f1os sali\u00f3 del colegio a las 13.45 para regresar a su casa, en la localidad bonaerense de Villa Madero.<\/p>\n<p>Camin\u00f3 por la calle Rivera con una compa\u00f1era y se despidieron a la altura de Cabildo, en Villa Madero, recorrido que fue filmado por c\u00e1maras de seguridad de la zona.<\/p>\n<p>Al momento de su desaparici\u00f3n, estaba vestida con el uniforme de la escuela y una c\u00e1mara de seguridad de la zona la registr\u00f3 cuando caminaba por la zona aquel d\u00eda desde que se desconoc\u00eda su paradero.<\/p>\n","protected":false},"excerpt":{"rendered":"<p>\u00a0\u00a0 La familia lo confirm\u00f3. La joven de 16 a\u00f1os fue hallada desmayada en un local de comidas r\u00e1pidas en Flores y fue trasladada al Hospital Pi\u00f1ero. Seg\u00fan las primeras versiones, ella dijo que hab\u00eda sido \u00absecuestrada\u00bb en \u00abun lugar oscuro\u00bb. Habr\u00eda acudido a una ambulancia que llam\u00f3 al 911. \u00ab\u00a1Es Bryanna, es Bryanna!\u00bb, Miryam,&hellip;<\/p>\n","protected":false},"author":1,"featured_media":0,"comment_status":"open","ping_status":"open","sticky":false,"template":"","format":"standard","meta":{"footnotes":""},"categories":[22],"tags":[27062,1514,3316],"class_list":["post-72029","post","type-post","status-publish","format-standard","hentry","category-policiales","tag-bryanna-reganzani","tag-flores","tag-hospital-pinero"],"_links":{"self":[{"href":"https:\/\/www.elsindical.com.ar\/notas\/wp-json\/wp\/v2\/posts\/72029","targetHints":{"allow":["GET"]}}],"collection":[{"href":"https:\/\/www.elsindical.com.ar\/notas\/wp-json\/wp\/v2\/posts"}],"about":[{"href":"https:\/\/www.elsindical.com.ar\/notas\/wp-json\/wp\/v2\/types\/post"}],"author":[{"embeddable":true,"href":"https:\/\/www.elsindical.com.ar\/notas\/wp-json\/wp\/v2\/users\/1"}],"replies":[{"embeddable":true,"href":"https:\/\/www.elsindical.com.ar\/notas\/wp-json\/wp\/v2\/comments?post=72029"}],"version-history":[{"count":1,"href":"https:\/\/www.elsindical.com.ar\/notas\/wp-json\/wp\/v2\/posts\/72029\/revisions"}],"predecessor-version":[{"id":72030,"href":"https:\/\/www.elsindical.com.ar\/notas\/wp-json\/wp\/v2\/posts\/72029\/revisions\/72030"}],"wp:attachment":[{"href":"https:\/\/www.elsindical.com.ar\/notas\/wp-json\/wp\/v2\/media?parent=72029"}],"wp:term":[{"taxonomy":"category","embeddable":true,"href":"https:\/\/www.elsindical.com.ar\/notas\/wp-json\/wp\/v2\/categories?post=72029"},{"taxonomy":"post_tag","embeddable":true,"href":"https:\/\/www.elsindical.com.ar\/notas\/wp-json\/wp\/v2\/tags?post=72029"}],"curies":[{"name":"wp","href":"https:\/\/api.w.org\/{rel}","templated":true}]}}